{"id":26443,"date":"2015-07-10T19:20:05","date_gmt":"2015-07-10T16:20:05","guid":{"rendered":"http:\/\/sana.sy\/es\/?p=26443"},"modified":"2015-07-11T17:46:34","modified_gmt":"2015-07-11T14:46:34","slug":"nasrallah-nadie-podra-derrocar-a-siria-militarmente","status":"publish","type":"post","link":"https:\/\/archive.sana.sy\/es\/?p=26443","title":{"rendered":"Nasrallah: \u201cNadie podr\u00e1 derrocar a Siria militarmente\u201d"},"content":{"rendered":"<p style=\"text-align: justify\"><span style=\"color: #800000\">Beirut, SANA<\/span><\/p>\n<p style=\"text-align: justify\">El Secretario general de Hezbollah, Hassan Nasrallah, dijo que &#8220;Israel cree que todo lo que est\u00e1 sucediendo en la regi\u00f3n sirve a sus intereses, as\u00ed como sus l\u00edderes han expresado su satisfacci\u00f3n con lo que est\u00e1 ocurriendo en Siria.&#8221;<\/p>\n<p style=\"text-align: justify\">Sr. Nasrallah dijo durante un discurso con motivo del D\u00eda Internacional de Jerusal\u00e9n, &#8220;Israel que es la madre del terrorismo y su origen, es tambi\u00e9n un estado y una entidad terroristas establecida por las organizaciones terroristas que se presentan hoy en d\u00eda como combatientes del terrorismo&#8221;.<\/p>\n<p style=\"text-align: justify\">Secretario General de Hezbollah confirm\u00f3 que el plan takfiri, patrocinado por algunos estados \u00e1rabes no est\u00e1 interesado en buscar una soluci\u00f3n a la crisis del pueblo Palestino, y act\u00faan solo en servicio de Israel.<\/p>\n<p style=\"text-align: justify\">Sr. Nasrallah, agreg\u00f3: &#8220;Tenemos que encontrar una soluci\u00f3n pol\u00edtica a la crisis en Siria y que se detengan todos los pa\u00edses que est\u00e1n trabajando en contra de una salida pol\u00edtica y pac\u00edfica&#8221;, subrayando que &#8220;no se puede derrocar a Siria militarmente debido a su fuerte resistencia y la firme posici\u00f3n de sus aliados y amigos, los cuales seguir\u00e1n apoy\u00e1ndola\u201d.<\/p>\n<p style=\"text-align: justify\">&#8220;Cuando luchamos en Siria estamos luchando bajo el sol y todos nuestros m\u00e1rtires que caen en Siria, son m\u00e1rtires por Siria, por El L\u00edbano, por Palestina, por la regi\u00f3n y por toda la naci\u00f3n.&#8221; A\u00f1adi\u00f3 el Secretario General de Hezbollah.<\/p>\n<p style=\"text-align: justify\"><span style=\"color: #0000ff\">M. Miri<\/span><\/p>\n","protected":false},"excerpt":{"rendered":"<p>Beirut, SANA El Secretario general de Hezbollah, Hassan Nasrallah, dijo que &#8220;Israel cree que todo lo que est\u00e1 sucediendo en la regi\u00f3n sirve a sus intereses, as\u00ed como sus l\u00edderes han expresado su satisfacci\u00f3n con lo que est\u00e1 ocurriendo en Siria.&#8221; Sr. Nasrallah dijo durante un discurso con motivo del D\u00eda Internacional de Jerusal\u00e9n, &#8220;Israel &hellip;<\/p>\n","protected":false},"author":1,"featured_media":26444,"comment_status":"closed","ping_status":"closed","sticky":false,"template":"","format":"standard","meta":{"footnotes":""},"categories":[456,457,576],"tags":[5947],"class_list":["post-26443","post","type-post","status-publish","format-standard","has-post-thumbnail","","category-arabe-internacional-politica","category-noticias-arabe-internacional-politica","category-noticias-politicas","tag-nasrallah-nadie-podra-derrocar-a-siria-militarmente"],"_links":{"self":[{"href":"https:\/\/archive.sana.sy\/es\/index.php?rest_route=\/wp\/v2\/posts\/26443"}],"collection":[{"href":"https:\/\/archive.sana.sy\/es\/index.php?rest_route=\/wp\/v2\/posts"}],"about":[{"href":"https:\/\/archive.sana.sy\/es\/index.php?rest_route=\/wp\/v2\/types\/post"}],"author":[{"embeddable":true,"href":"https:\/\/archive.sana.sy\/es\/index.php?rest_route=\/wp\/v2\/users\/1"}],"replies":[{"embeddable":true,"href":"https:\/\/archive.sana.sy\/es\/index.php?rest_route=%2Fwp%2Fv2%2Fcomments&post=26443"}],"version-history":[{"count":0,"href":"https:\/\/archive.sana.sy\/es\/index.php?rest_route=\/wp\/v2\/posts\/26443\/revisions"}],"wp:featuredmedia":[{"embeddable":true,"href":"https:\/\/archive.sana.sy\/es\/index.php?rest_route=\/wp\/v2\/media\/26444"}],"wp:attachment":[{"href":"https:\/\/archive.sana.sy\/es\/index.php?rest_route=%2Fwp%2Fv2%2Fmedia&parent=26443"}],"wp:term":[{"taxonomy":"category","embeddable":true,"href":"https:\/\/archive.sana.sy\/es\/index.php?rest_route=%2Fwp%2Fv2%2Fcategories&post=26443"},{"taxonomy":"post_tag","embeddable":true,"href":"https:\/\/archive.sana.sy\/es\/index.php?rest_route=%2Fwp%2Fv2%2Ftags&post=26443"}],"curies":[{"name":"wp","href":"https:\/\/api.w.org\/{rel}","templated":true}]}}