{"id":264520,"date":"2022-12-01T20:45:24","date_gmt":"2022-12-01T18:45:24","guid":{"rendered":"http:\/\/107.6.182.27\/es\/?p=264520"},"modified":"2023-01-10T15:49:33","modified_gmt":"2023-01-10T13:49:33","slug":"medvedev-rusia-busca-liberar-ucrania-de-los-nazis-no-destruirla","status":"publish","type":"post","link":"https:\/\/archive.sana.sy\/es\/?p=264520","title":{"rendered":"Medvedev: Rusia busca liberar Ucrania de los nazis, no destruirla"},"content":{"rendered":"<p style=\"text-align: justify;\"><strong><span style=\"color: #800000;\">Mosc\u00fa, 01 dic (SANA)\u00a0<\/span> <\/strong>El vicepresidente del Consejo de Seguridad de Rusia, Dmitry Medvedev, confirm\u00f3 que su pa\u00eds busca limpiar Ucrania de los nazis y no destruirla.<\/p>\n<p style=\"text-align: justify;\">Explic\u00f3 que no hay necesidad de responder al delirio del r\u00e9gimen de Kiev que est\u00e1 llamando a la destrucci\u00f3n de Rusia.<\/p>\n<p style=\"text-align: justify;\">La agencia rusa Novosti cit\u00f3 a Medvedev al comentar el llamado del Secretario del Consejo de Seguridad y Defensa Nacional de Ucrania, Oleksiy Danilov, a \u201cdestruir Rusia\u201d al decir: \u201cNo hay raz\u00f3n para responder a este delirio de manera similar, ya que lo que necesitamos aqu\u00ed es la eliminaci\u00f3n de los nazis\u201d.<\/p>\n<p style=\"text-align: justify;\">sm\/mm<\/p>\n","protected":false},"excerpt":{"rendered":"<p>Mosc\u00fa, 01 dic (SANA)\u00a0 El vicepresidente del Consejo de Seguridad de Rusia, Dmitry Medvedev, confirm\u00f3 que su pa\u00eds busca limpiar Ucrania de los nazis y no destruirla. Explic\u00f3 que no hay necesidad de responder al delirio del r\u00e9gimen de Kiev que est\u00e1 llamando a la destrucci\u00f3n de Rusia. La agencia rusa Novosti cit\u00f3 a Medvedev &hellip;<\/p>\n","protected":false},"author":39,"featured_media":264521,"comment_status":"closed","ping_status":"closed","sticky":false,"template":"","format":"standard","meta":{"footnotes":""},"categories":[597,456,20724,7541],"tags":[21583,6695,20357],"class_list":["post-264520","post","type-post","status-publish","format-standard","has-post-thumbnail","","category-cinta-de-noticias","category-arabe-internacional-politica","category-minuto-a-minuto","category-ultimas-noticias","tag-liberar","tag-rusia","tag-ucrania"],"_links":{"self":[{"href":"https:\/\/archive.sana.sy\/es\/index.php?rest_route=\/wp\/v2\/posts\/264520"}],"collection":[{"href":"https:\/\/archive.sana.sy\/es\/index.php?rest_route=\/wp\/v2\/posts"}],"about":[{"href":"https:\/\/archive.sana.sy\/es\/index.php?rest_route=\/wp\/v2\/types\/post"}],"author":[{"embeddable":true,"href":"https:\/\/archive.sana.sy\/es\/index.php?rest_route=\/wp\/v2\/users\/39"}],"replies":[{"embeddable":true,"href":"https:\/\/archive.sana.sy\/es\/index.php?rest_route=%2Fwp%2Fv2%2Fcomments&post=264520"}],"version-history":[{"count":0,"href":"https:\/\/archive.sana.sy\/es\/index.php?rest_route=\/wp\/v2\/posts\/264520\/revisions"}],"wp:featuredmedia":[{"embeddable":true,"href":"https:\/\/archive.sana.sy\/es\/index.php?rest_route=\/wp\/v2\/media\/264521"}],"wp:attachment":[{"href":"https:\/\/archive.sana.sy\/es\/index.php?rest_route=%2Fwp%2Fv2%2Fmedia&parent=264520"}],"wp:term":[{"taxonomy":"category","embeddable":true,"href":"https:\/\/archive.sana.sy\/es\/index.php?rest_route=%2Fwp%2Fv2%2Fcategories&post=264520"},{"taxonomy":"post_tag","embeddable":true,"href":"https:\/\/archive.sana.sy\/es\/index.php?rest_route=%2Fwp%2Fv2%2Ftags&post=264520"}],"curies":[{"name":"wp","href":"https:\/\/api.w.org\/{rel}","templated":true}]}}