{"id":264540,"date":"2022-12-02T08:44:05","date_gmt":"2022-12-02T06:44:05","guid":{"rendered":"http:\/\/107.6.182.27\/es\/?p=264540"},"modified":"2023-01-10T15:49:33","modified_gmt":"2023-01-10T13:49:33","slug":"ucrania-bombardea-regiones-de-gorlovka-y-pantelemonovka-en-donetsk","status":"publish","type":"post","link":"https:\/\/archive.sana.sy\/es\/?p=264540","title":{"rendered":"Ucrania bombardea regiones de Gorlovka y Pantelemonovka en Donetsk"},"content":{"rendered":"<p style=\"text-align: justify;\"><span style=\"color: #800000;\"><strong>Donetsk, 02 dic (SANA)<\/strong><\/span> Las autoridades de la Rep\u00fablica Popular de Donetsk informaron hoy que las tropas ucranianas llevaron a cabo bombardeos contra las regiones de Gorlovka y Pantelemonovka.<\/p>\n<p style=\"text-align: justify;\">Seg\u00fan reportes de la agencia Sputnik, un comunicado de la Oficina de Representaci\u00f3n de la Rep\u00fablica en el Centro Conjunto para el Monitoreo y Coordinaci\u00f3n de Casos Relacionados con Cr\u00edmenes de Guerra en Ucrania, inform\u00f3 que las formaciones armadas ucranianas bombardearon Gorlovka y Pantelemonovka, y dispararon un total de 12 proyectiles usando las armas de los pa\u00edses de la OTAN\u201d.<\/p>\n<p style=\"text-align: justify;\">Las formaciones ucranazis siguen atacando a civiles en zonas liberadas que recientemente se unieron a la Federaci\u00f3n de Rusia, mientras que las fuerzas rusas completan la liberaci\u00f3n total de esas zonas.<\/p>\n<p style=\"text-align: justify;\"><em><strong>ah\/fm<\/strong><\/em><\/p>\n","protected":false},"excerpt":{"rendered":"<p>Donetsk, 02 dic (SANA) Las autoridades de la Rep\u00fablica Popular de Donetsk informaron hoy que las tropas ucranianas llevaron a cabo bombardeos contra las regiones de Gorlovka y Pantelemonovka. Seg\u00fan reportes de la agencia Sputnik, un comunicado de la Oficina de Representaci\u00f3n de la Rep\u00fablica en el Centro Conjunto para el Monitoreo y Coordinaci\u00f3n de &hellip;<\/p>\n","protected":false},"author":30,"featured_media":264541,"comment_status":"closed","ping_status":"closed","sticky":false,"template":"","format":"standard","meta":{"footnotes":""},"categories":[456,20724],"tags":[],"class_list":["post-264540","post","type-post","status-publish","format-standard","has-post-thumbnail","","category-arabe-internacional-politica","category-minuto-a-minuto"],"_links":{"self":[{"href":"https:\/\/archive.sana.sy\/es\/index.php?rest_route=\/wp\/v2\/posts\/264540"}],"collection":[{"href":"https:\/\/archive.sana.sy\/es\/index.php?rest_route=\/wp\/v2\/posts"}],"about":[{"href":"https:\/\/archive.sana.sy\/es\/index.php?rest_route=\/wp\/v2\/types\/post"}],"author":[{"embeddable":true,"href":"https:\/\/archive.sana.sy\/es\/index.php?rest_route=\/wp\/v2\/users\/30"}],"replies":[{"embeddable":true,"href":"https:\/\/archive.sana.sy\/es\/index.php?rest_route=%2Fwp%2Fv2%2Fcomments&post=264540"}],"version-history":[{"count":0,"href":"https:\/\/archive.sana.sy\/es\/index.php?rest_route=\/wp\/v2\/posts\/264540\/revisions"}],"wp:featuredmedia":[{"embeddable":true,"href":"https:\/\/archive.sana.sy\/es\/index.php?rest_route=\/wp\/v2\/media\/264541"}],"wp:attachment":[{"href":"https:\/\/archive.sana.sy\/es\/index.php?rest_route=%2Fwp%2Fv2%2Fmedia&parent=264540"}],"wp:term":[{"taxonomy":"category","embeddable":true,"href":"https:\/\/archive.sana.sy\/es\/index.php?rest_route=%2Fwp%2Fv2%2Fcategories&post=264540"},{"taxonomy":"post_tag","embeddable":true,"href":"https:\/\/archive.sana.sy\/es\/index.php?rest_route=%2Fwp%2Fv2%2Ftags&post=264540"}],"curies":[{"name":"wp","href":"https:\/\/api.w.org\/{rel}","templated":true}]}}