{"id":26457,"date":"2015-07-11T14:52:26","date_gmt":"2015-07-11T11:52:26","guid":{"rendered":"http:\/\/sana.sy\/es\/?p=26457"},"modified":"2015-07-11T14:52:26","modified_gmt":"2015-07-11T11:52:26","slug":"comunidad-siria-en-venezuela-organiza-un-evento-en-solidaridad-con-la-patria","status":"publish","type":"post","link":"https:\/\/archive.sana.sy\/es\/?p=26457","title":{"rendered":"Comunidad siria en Venezuela organiza un evento en solidaridad con la patria"},"content":{"rendered":"<p><span style=\"color: #800000\">Maracaibo, SANA<\/span><\/p>\n<p>El Partido Comunista de Venezuela (PCV) en cooperaci\u00f3n con el Club \u00e1rabe-venezolano organiz\u00f3 un mitin en la ciudad venezolana de Maracaibo para manifestar la solidaridad de la comunidad sirio-venezolana con Siria frente a la guerra terrorista librada en su contra.<\/p>\n<p>El mitin incluy\u00f3 un conversatorio y entrevistas sobre la situaci\u00f3n actual en Siria.<\/p>\n<p>El presidente del Club Zaid Kheder pronunci\u00f3 una alocuci\u00f3n en la cual hizo referencia a la resistencia del pueblo y el ej\u00e9rcito de Siria frente a una acci\u00f3n terrorista apoyada y financiada por pa\u00edses \u00e1rabes y occidentales que buscan desestabilizar la regi\u00f3n y saquear sus recursos y riquezas.<\/p>\n<p>En este contexto asegur\u00f3 que la lucha continuar\u00e1 hasta liberar la tierra de la patria de los terroristas y codiciosos.<\/p>\n<p>Asimismo hizo referencia a la importancia geopol\u00edtica e hist\u00f3rica de Siria, pa\u00eds que era y sigue siendo el factor m\u00e1s trascendente de la estabilidad de la regi\u00f3n, por lo cual ha de desempa\u00f1ar todo esfuerzo posible para mantener su seguridad y estabilidad.<\/p>\n<p>El evento cont\u00f3 con la presencia del embajador sirio en la Rep\u00fablica Bolivariana de Venezuela, Ghassan Abbas y miembros de la comunidad siria en el pa\u00eds bolivariano.<\/p>\n<p>Cabe se\u00f1alar que el Club \u00e1rabe-venezolano forma parte de la Federaci\u00f3n de Entidades Venezolano-\u00c1rabes Fearab Venezuela que tiene su sede en la capital Caracas e incluye a 45 clubes.<\/p>\n<p>Lynn A.<\/p>\n","protected":false},"excerpt":{"rendered":"<p>Maracaibo, SANA El Partido Comunista de Venezuela (PCV) en cooperaci\u00f3n con el Club \u00e1rabe-venezolano organiz\u00f3 un mitin en la ciudad venezolana de Maracaibo para manifestar la solidaridad de la comunidad sirio-venezolana con Siria frente a la guerra terrorista librada en su contra. El mitin incluy\u00f3 un conversatorio y entrevistas sobre la situaci\u00f3n actual en Siria. &hellip;<\/p>\n","protected":false},"author":24,"featured_media":26458,"comment_status":"closed","ping_status":"closed","sticky":false,"template":"","format":"standard","meta":{"footnotes":""},"categories":[1],"tags":[5951],"class_list":["post-26457","post","type-post","status-publish","format-standard","has-post-thumbnail","","category-news-not-sorted","tag-comunidad-siria-en-venezuela-organiza-un-evento-en-solidaridad-con-la-patria"],"_links":{"self":[{"href":"https:\/\/archive.sana.sy\/es\/index.php?rest_route=\/wp\/v2\/posts\/26457"}],"collection":[{"href":"https:\/\/archive.sana.sy\/es\/index.php?rest_route=\/wp\/v2\/posts"}],"about":[{"href":"https:\/\/archive.sana.sy\/es\/index.php?rest_route=\/wp\/v2\/types\/post"}],"author":[{"embeddable":true,"href":"https:\/\/archive.sana.sy\/es\/index.php?rest_route=\/wp\/v2\/users\/24"}],"replies":[{"embeddable":true,"href":"https:\/\/archive.sana.sy\/es\/index.php?rest_route=%2Fwp%2Fv2%2Fcomments&post=26457"}],"version-history":[{"count":0,"href":"https:\/\/archive.sana.sy\/es\/index.php?rest_route=\/wp\/v2\/posts\/26457\/revisions"}],"wp:featuredmedia":[{"embeddable":true,"href":"https:\/\/archive.sana.sy\/es\/index.php?rest_route=\/wp\/v2\/media\/26458"}],"wp:attachment":[{"href":"https:\/\/archive.sana.sy\/es\/index.php?rest_route=%2Fwp%2Fv2%2Fmedia&parent=26457"}],"wp:term":[{"taxonomy":"category","embeddable":true,"href":"https:\/\/archive.sana.sy\/es\/index.php?rest_route=%2Fwp%2Fv2%2Fcategories&post=26457"},{"taxonomy":"post_tag","embeddable":true,"href":"https:\/\/archive.sana.sy\/es\/index.php?rest_route=%2Fwp%2Fv2%2Ftags&post=26457"}],"curies":[{"name":"wp","href":"https:\/\/api.w.org\/{rel}","templated":true}]}}