{"id":264573,"date":"2022-12-02T15:49:13","date_gmt":"2022-12-02T13:49:13","guid":{"rendered":"http:\/\/107.6.182.27\/es\/?p=264573"},"modified":"2023-01-10T15:49:32","modified_gmt":"2023-01-10T13:49:32","slug":"explosion-tiene-como-objetivo-dos-automoviles-de-la-embajada-de-italia-en-grecia","status":"publish","type":"post","link":"https:\/\/archive.sana.sy\/es\/?p=264573","title":{"rendered":"Explosi\u00f3n tiene como objetivo dos autom\u00f3viles de la embajada de Italia en Grecia"},"content":{"rendered":"<p style=\"text-align: justify;\"><span style=\"color: #800000;\"><strong>Atenas, 02 dic (SANA)\u00a0<\/strong> <\/span>La polic\u00eda griega anunci\u00f3 hoy que dos artefactos explosivos fueron colocados en dos autom\u00f3viles pertenecientes a la embajada de Italia en Atenas, uno de los artefactos explot\u00f3 sin causar heridos.<\/p>\n<p style=\"text-align: justify;\">\u201cUn artefacto explosivo de fabricaci\u00f3n local explot\u00f3 causando la destrucci\u00f3n de uno de los dos coches que estaban estacionados en un estacionamiento en la residencia del primer asesor de la embajada en las afueras de Atenas, mientras que el otro dispositivo que fue plantado cerca del segundo veh\u00edculo diplom\u00e1tico no explot\u00f3\u201d, difundi\u00f3 France-Presse citando a la polic\u00eda.<\/p>\n<p style=\"text-align: justify;\">La primera ministra italiana, Giorgia Meloni, consider\u00f3 que el ataque es &#8220;probablemente ca\u00f3tico&#8221;, y expres\u00f3 su profunda preocupaci\u00f3n por su ocurrencia.<\/p>\n<p style=\"text-align: justify;\">El Ministerio de Relaciones Exteriores de Grecia tambi\u00e9n conden\u00f3 el ataque en un comunicado y dijo que &#8220;tales acciones inaceptables no afectar\u00e1n las arraigadas relaciones entre Grecia e Italia&#8221;.<\/p>\n<p style=\"text-align: justify;\">sm<\/p>\n","protected":false},"excerpt":{"rendered":"<p>Atenas, 02 dic (SANA)\u00a0 La polic\u00eda griega anunci\u00f3 hoy que dos artefactos explosivos fueron colocados en dos autom\u00f3viles pertenecientes a la embajada de Italia en Atenas, uno de los artefactos explot\u00f3 sin causar heridos. \u201cUn artefacto explosivo de fabricaci\u00f3n local explot\u00f3 causando la destrucci\u00f3n de uno de los dos coches que estaban estacionados en un &hellip;<\/p>\n","protected":false},"author":39,"featured_media":264574,"comment_status":"closed","ping_status":"closed","sticky":false,"template":"","format":"standard","meta":{"footnotes":""},"categories":[597,456,20724,7541],"tags":[21587,19740,19795],"class_list":["post-264573","post","type-post","status-publish","format-standard","has-post-thumbnail","","category-cinta-de-noticias","category-arabe-internacional-politica","category-minuto-a-minuto","category-ultimas-noticias","tag-embajada-de-italia","tag-explosion","tag-grecia"],"_links":{"self":[{"href":"https:\/\/archive.sana.sy\/es\/index.php?rest_route=\/wp\/v2\/posts\/264573"}],"collection":[{"href":"https:\/\/archive.sana.sy\/es\/index.php?rest_route=\/wp\/v2\/posts"}],"about":[{"href":"https:\/\/archive.sana.sy\/es\/index.php?rest_route=\/wp\/v2\/types\/post"}],"author":[{"embeddable":true,"href":"https:\/\/archive.sana.sy\/es\/index.php?rest_route=\/wp\/v2\/users\/39"}],"replies":[{"embeddable":true,"href":"https:\/\/archive.sana.sy\/es\/index.php?rest_route=%2Fwp%2Fv2%2Fcomments&post=264573"}],"version-history":[{"count":0,"href":"https:\/\/archive.sana.sy\/es\/index.php?rest_route=\/wp\/v2\/posts\/264573\/revisions"}],"wp:featuredmedia":[{"embeddable":true,"href":"https:\/\/archive.sana.sy\/es\/index.php?rest_route=\/wp\/v2\/media\/264574"}],"wp:attachment":[{"href":"https:\/\/archive.sana.sy\/es\/index.php?rest_route=%2Fwp%2Fv2%2Fmedia&parent=264573"}],"wp:term":[{"taxonomy":"category","embeddable":true,"href":"https:\/\/archive.sana.sy\/es\/index.php?rest_route=%2Fwp%2Fv2%2Fcategories&post=264573"},{"taxonomy":"post_tag","embeddable":true,"href":"https:\/\/archive.sana.sy\/es\/index.php?rest_route=%2Fwp%2Fv2%2Ftags&post=264573"}],"curies":[{"name":"wp","href":"https:\/\/api.w.org\/{rel}","templated":true}]}}