{"id":264583,"date":"2022-12-02T17:05:19","date_gmt":"2022-12-02T15:05:19","guid":{"rendered":"http:\/\/107.6.182.27\/es\/?p=264583"},"modified":"2023-01-10T15:49:32","modified_gmt":"2023-01-10T13:49:32","slug":"palestina-exige-adoptar-postura-internacional-firme-ante-los-crimenes-de-la-ocupacion-israeli","status":"publish","type":"post","link":"https:\/\/archive.sana.sy\/es\/?p=264583","title":{"rendered":"Palestina exige adoptar postura internacional firme ante los cr\u00edmenes de la ocupaci\u00f3n israel\u00ed"},"content":{"rendered":"<p style=\"text-align: justify;\"><strong><span style=\"color: #800000;\">Jerusal\u00e9n ocupada, 2 dic (SANA)<\/span><\/strong>\u00a0 \u00a0El Ministerio de Exteriores palestino reiter\u00f3 su llamado a la comunidad internacional para que adopte una postura firme ante los cr\u00edmenes y violaciones de la ocupaci\u00f3n israel\u00ed contra los palestinos, y para que sus perpetradores rindan cuentas.<\/p>\n<p style=\"text-align: justify;\">Seg\u00fan la agencia Wafa, la Canciller\u00eda palestina advirti\u00f3 de las consecuencias negativas de los planes de judaizaci\u00f3n, expansionistas y de asentamientos de las autoridades de ocupaci\u00f3n que socavan el establecimiento de un estado palestino independiente con Jerusal\u00e9n como su capital.<\/p>\n<p style=\"text-align: justify;\">Enfatiz\u00f3 la necesidad de brindar protecci\u00f3n internacional a los palestinos y presionar al ocupante sionista para que detenga sus cr\u00edmenes e implemente las resoluciones de la ONU<\/p>\n<p>lch\/sm<\/p>\n","protected":false},"excerpt":{"rendered":"<p>Jerusal\u00e9n ocupada, 2 dic (SANA)\u00a0 \u00a0El Ministerio de Exteriores palestino reiter\u00f3 su llamado a la comunidad internacional para que adopte una postura firme ante los cr\u00edmenes y violaciones de la ocupaci\u00f3n israel\u00ed contra los palestinos, y para que sus perpetradores rindan cuentas. Seg\u00fan la agencia Wafa, la Canciller\u00eda palestina advirti\u00f3 de las consecuencias negativas de &hellip;<\/p>\n","protected":false},"author":41,"featured_media":264584,"comment_status":"closed","ping_status":"closed","sticky":false,"template":"","format":"standard","meta":{"footnotes":""},"categories":[597,456],"tags":[10660,1494],"class_list":["post-264583","post","type-post","status-publish","format-standard","has-post-thumbnail","","category-cinta-de-noticias","category-arabe-internacional-politica","tag-jerusalen-ocupada","tag-palestina"],"_links":{"self":[{"href":"https:\/\/archive.sana.sy\/es\/index.php?rest_route=\/wp\/v2\/posts\/264583"}],"collection":[{"href":"https:\/\/archive.sana.sy\/es\/index.php?rest_route=\/wp\/v2\/posts"}],"about":[{"href":"https:\/\/archive.sana.sy\/es\/index.php?rest_route=\/wp\/v2\/types\/post"}],"author":[{"embeddable":true,"href":"https:\/\/archive.sana.sy\/es\/index.php?rest_route=\/wp\/v2\/users\/41"}],"replies":[{"embeddable":true,"href":"https:\/\/archive.sana.sy\/es\/index.php?rest_route=%2Fwp%2Fv2%2Fcomments&post=264583"}],"version-history":[{"count":0,"href":"https:\/\/archive.sana.sy\/es\/index.php?rest_route=\/wp\/v2\/posts\/264583\/revisions"}],"wp:featuredmedia":[{"embeddable":true,"href":"https:\/\/archive.sana.sy\/es\/index.php?rest_route=\/wp\/v2\/media\/264584"}],"wp:attachment":[{"href":"https:\/\/archive.sana.sy\/es\/index.php?rest_route=%2Fwp%2Fv2%2Fmedia&parent=264583"}],"wp:term":[{"taxonomy":"category","embeddable":true,"href":"https:\/\/archive.sana.sy\/es\/index.php?rest_route=%2Fwp%2Fv2%2Fcategories&post=264583"},{"taxonomy":"post_tag","embeddable":true,"href":"https:\/\/archive.sana.sy\/es\/index.php?rest_route=%2Fwp%2Fv2%2Ftags&post=264583"}],"curies":[{"name":"wp","href":"https:\/\/api.w.org\/{rel}","templated":true}]}}