{"id":26470,"date":"2015-07-11T16:20:53","date_gmt":"2015-07-11T13:20:53","guid":{"rendered":"http:\/\/sana.sy\/es\/?p=26470"},"modified":"2015-07-11T16:25:43","modified_gmt":"2015-07-11T13:25:43","slug":"un-diputado-frances-no-hay-ninguna-solucion-de-la-crisis-siria-sin-el-presidente-al-assad","status":"publish","type":"post","link":"https:\/\/archive.sana.sy\/es\/?p=26470","title":{"rendered":"Un diputado franc\u00e9s: no hay ninguna soluci\u00f3n de la crisis siria sin el presidente al-Assad"},"content":{"rendered":"<p><span style=\"color: #800000\">Damasco, SANA<\/span><\/p>\n<p>El miembro de la Asamblea Nacional de Francia, y presidente del Partido Democr\u00e1tico Cristiano, Jean-Fr\u00e9d\u00e9ric Poisson enfatiz\u00f3 que no habr\u00e1 ninguna soluci\u00f3n de la crisis en Siria mediante la Uni\u00f3n Europea u Occidente o EEUU sin negociar con el presidente Bashar al-Assad.<\/p>\n<p>Estas declaraciones se emitieron durante una reuni\u00f3n celebrada este s\u00e1bado entre el pol\u00edtico franc\u00e9s y el presidente de la Asamblea del Pueblo de Siria, Yihad al-Laham.<\/p>\n<p>Poisson se\u00f1al\u00f3 que el objetivo de su visita a Siria es examinar de cerca lo que est\u00e1 sucediendo en su territorio, haciendo referencia a la desinformaci\u00f3n que padece el pueblo franc\u00e9s respecto a la \u00edndole de los acontecimientos en esta naci\u00f3n.<\/p>\n<p>\u201cSoy uno de un conjunto de pol\u00edticos franceses que creen en la inevitabilidad del di\u00e1logo y la negociaci\u00f3n con el presidente Bashar al-Assad para resolver la crisis en Siria, ya que no habr\u00e1 ninguna soluci\u00f3n estable sin preservar la consistencia del Estado sirio\u201d, afirm\u00f3.<\/p>\n<p>El pol\u00edtico franc\u00e9s se\u00f1al\u00f3 que \u00e9l desea estar al tanto de las medidas tomadas por el Gobierno sirio para proteger a los cristianos, siendo el Presidente del Partido Democr\u00e1tico Cristiano.<\/p>\n<p>A su vez, el Presidente del Parlamento sirio afirm\u00f3 que la guerra contra el terrorismo no lograr\u00e1 sus metas sin la coordinaci\u00f3n con los gobiernos de Siria e Irak en el marco de las resoluciones del Consejo de Seguridad de la ONU.<\/p>\n<p>Asimismo, al-Laham subray\u00f3 que la protecci\u00f3n de los cristianos de Oriente Medio implica proteger a todos los componentes de los pueblos de Siria, Irak, el L\u00edbano y Egipto, as\u00ed como apoyar los esfuerzos de estos pa\u00edses para hacer frente a las campa\u00f1as takfiristas desatadas por las organizaciones terroristas.<\/p>\n<p>Al-Laham explic\u00f3 que los terroristas que operan en Siria e Irak se esforzaron para desplazar a los componentes de los pueblos de dichas naciones y quemar sus lugares de culto y sus sitios arqueol\u00f3gicos a fin de vaciar a Oriente de este mosaico del que goza para allanar el camino hacia la creaci\u00f3n de mini estados a base \u00e9tnica y confesional con el fin de preparar un ambiente adecuado que ayude al ente sionista a establecer su presunto estado jud\u00edo en el territorio palestino.<\/p>\n<p>El Presidente de la Asamblea del Pueblo hizo hincapi\u00e9 en que Francia est\u00e1 cometiendo el m\u00e1s grave error en su historia al apoyar a los asesinos de ni\u00f1os, los ejecutores de decapitaciones y los secuestradores de mujeres, recalcando que cualquier apoyo brindado a cualquier banda terrorista que opera en contra del Estado sirio es un puro apoyo al terrorismo.<\/p>\n<p>Al-Laham resalt\u00f3 el papel de las instituciones parlamentarias internacionales en resolver los conflictos mundiales a base del di\u00e1logo y la diplomacia.<br \/>\nAsimismo dirigi\u00f3 un llamamiento a los pa\u00edses que accionan contra el Estado sirio y patrocinan el terrorismo para reconsiderar sus posturas antes de ser alcanzados por el terrorismo.<\/p>\n<p>Al-Laham reiter\u00f3 la plena disposici\u00f3n de Siria de cooperar con cualquier iniciativa internacional o regional o mediante las instituciones parlamentarias, encaminada a ayudar a Siria a salir de su crisis a condici\u00f3n de respetar la soberan\u00eda de su Estado.<\/p>\n<p>Lynn A.<\/p>\n","protected":false},"excerpt":{"rendered":"<p>Damasco, SANA El miembro de la Asamblea Nacional de Francia, y presidente del Partido Democr\u00e1tico Cristiano, Jean-Fr\u00e9d\u00e9ric Poisson enfatiz\u00f3 que no habr\u00e1 ninguna soluci\u00f3n de la crisis en Siria mediante la Uni\u00f3n Europea u Occidente o EEUU sin negociar con el presidente Bashar al-Assad. Estas declaraciones se emitieron durante una reuni\u00f3n celebrada este s\u00e1bado entre &hellip;<\/p>\n","protected":false},"author":24,"featured_media":26471,"comment_status":"closed","ping_status":"closed","sticky":false,"template":"","format":"standard","meta":{"footnotes":""},"categories":[477,476,576],"tags":[5953],"class_list":["post-26470","post","type-post","status-publish","format-standard","has-post-thumbnail","","category-noticias-edulcorantes","category-locales","category-noticias-politicas","tag-un-diputado-frances-no-hay-ninguna-solucion-de-la-crisis-siria-sin-el-presidente-al-assad"],"_links":{"self":[{"href":"https:\/\/archive.sana.sy\/es\/index.php?rest_route=\/wp\/v2\/posts\/26470"}],"collection":[{"href":"https:\/\/archive.sana.sy\/es\/index.php?rest_route=\/wp\/v2\/posts"}],"about":[{"href":"https:\/\/archive.sana.sy\/es\/index.php?rest_route=\/wp\/v2\/types\/post"}],"author":[{"embeddable":true,"href":"https:\/\/archive.sana.sy\/es\/index.php?rest_route=\/wp\/v2\/users\/24"}],"replies":[{"embeddable":true,"href":"https:\/\/archive.sana.sy\/es\/index.php?rest_route=%2Fwp%2Fv2%2Fcomments&post=26470"}],"version-history":[{"count":0,"href":"https:\/\/archive.sana.sy\/es\/index.php?rest_route=\/wp\/v2\/posts\/26470\/revisions"}],"wp:featuredmedia":[{"embeddable":true,"href":"https:\/\/archive.sana.sy\/es\/index.php?rest_route=\/wp\/v2\/media\/26471"}],"wp:attachment":[{"href":"https:\/\/archive.sana.sy\/es\/index.php?rest_route=%2Fwp%2Fv2%2Fmedia&parent=26470"}],"wp:term":[{"taxonomy":"category","embeddable":true,"href":"https:\/\/archive.sana.sy\/es\/index.php?rest_route=%2Fwp%2Fv2%2Fcategories&post=26470"},{"taxonomy":"post_tag","embeddable":true,"href":"https:\/\/archive.sana.sy\/es\/index.php?rest_route=%2Fwp%2Fv2%2Ftags&post=26470"}],"curies":[{"name":"wp","href":"https:\/\/api.w.org\/{rel}","templated":true}]}}