{"id":26477,"date":"2015-07-11T16:47:46","date_gmt":"2015-07-11T13:47:46","guid":{"rendered":"http:\/\/sana.sy\/es\/?p=26477"},"modified":"2023-01-09T14:09:58","modified_gmt":"2023-01-09T12:09:58","slug":"jefe-de-la-policia-de-hassakeh-asegura-que-los-registros-civiles-son-en-un-lugar-seguro","status":"publish","type":"post","link":"https:\/\/archive.sana.sy\/es\/?p=26477","title":{"rendered":"Jefe de la Polic\u00eda de Hassakeh asegura que los registros civiles son en un lugar seguro"},"content":{"rendered":"<p><span style=\"color: #800000\">Hassakeh, SANA<\/span><\/p>\n<p>El Jefe de la Polic\u00eda de Hassakeh, general Hassib al-Tahan confirm\u00f3 que todos los registros civiles y los equipos de administraci\u00f3n del Registro Civil de Hassakeh se salvaron gracias a los efectivos de la Seguridad Interna y el cuerpo de bomberos.<\/p>\n<p>Asimismo revel\u00f3 que los documentos fueron colocados en un lugar seguro hasta rehabilitar el edificio del Registro Civil que hab\u00eda sido ayer blanco de ataques terroristas libradas por la organizaci\u00f3n del Estado Isl\u00e1mico.<\/p>\n<p>Es de se\u00f1alar que los terroristas del EI atacaron ayer la sede del Registro Civil en la ciudad de Hasasakeh con varios misiles, lo que caus\u00f3 un incendio en el tercer piso.<\/p>\n<p>Lynn A.<\/p>\n","protected":false},"excerpt":{"rendered":"<p>Hassakeh, SANA El Jefe de la Polic\u00eda de Hassakeh, general Hassib al-Tahan confirm\u00f3 que todos los registros civiles y los equipos de administraci\u00f3n del Registro Civil de Hassakeh se salvaron gracias a los efectivos de la Seguridad Interna y el cuerpo de bomberos. Asimismo revel\u00f3 que los documentos fueron colocados en un lugar seguro hasta &hellip;<\/p>\n","protected":false},"author":24,"featured_media":25700,"comment_status":"closed","ping_status":"closed","sticky":false,"template":"","format":"standard","meta":{"footnotes":""},"categories":[477,476],"tags":[5954],"class_list":["post-26477","post","type-post","status-publish","format-standard","has-post-thumbnail","","category-noticias-edulcorantes","category-locales","tag-jefe-de-la-policia-de-hassakeh-asegura-que-los-registros-civiles-son-en-un-lugar-seguro"],"_links":{"self":[{"href":"https:\/\/archive.sana.sy\/es\/index.php?rest_route=\/wp\/v2\/posts\/26477"}],"collection":[{"href":"https:\/\/archive.sana.sy\/es\/index.php?rest_route=\/wp\/v2\/posts"}],"about":[{"href":"https:\/\/archive.sana.sy\/es\/index.php?rest_route=\/wp\/v2\/types\/post"}],"author":[{"embeddable":true,"href":"https:\/\/archive.sana.sy\/es\/index.php?rest_route=\/wp\/v2\/users\/24"}],"replies":[{"embeddable":true,"href":"https:\/\/archive.sana.sy\/es\/index.php?rest_route=%2Fwp%2Fv2%2Fcomments&post=26477"}],"version-history":[{"count":0,"href":"https:\/\/archive.sana.sy\/es\/index.php?rest_route=\/wp\/v2\/posts\/26477\/revisions"}],"wp:featuredmedia":[{"embeddable":true,"href":"https:\/\/archive.sana.sy\/es\/index.php?rest_route=\/wp\/v2\/media\/25700"}],"wp:attachment":[{"href":"https:\/\/archive.sana.sy\/es\/index.php?rest_route=%2Fwp%2Fv2%2Fmedia&parent=26477"}],"wp:term":[{"taxonomy":"category","embeddable":true,"href":"https:\/\/archive.sana.sy\/es\/index.php?rest_route=%2Fwp%2Fv2%2Fcategories&post=26477"},{"taxonomy":"post_tag","embeddable":true,"href":"https:\/\/archive.sana.sy\/es\/index.php?rest_route=%2Fwp%2Fv2%2Ftags&post=26477"}],"curies":[{"name":"wp","href":"https:\/\/api.w.org\/{rel}","templated":true}]}}