{"id":26492,"date":"2015-07-11T21:37:24","date_gmt":"2015-07-11T18:37:24","guid":{"rendered":"http:\/\/sana.sy\/es\/?p=26492"},"modified":"2015-07-11T21:44:18","modified_gmt":"2015-07-11T18:44:18","slug":"arabia-saudi-lanza-bombardeos-en-el-yemen-pese-al-inicio-de-la-tregua-humanitaria","status":"publish","type":"post","link":"https:\/\/archive.sana.sy\/es\/?p=26492","title":{"rendered":"Arabia Saud\u00ed lanza bombardeos en el Yemen pese al inicio de la tregua humanitaria"},"content":{"rendered":"<p><span style=\"color: #800000\">San\u00e1-SANA<\/span><\/p>\n<p style=\"text-align: justify\">Los aviones de Arabia Saud\u00ed, continuaron sus bombardeos hoy contra posiciones en la capital yemen\u00ed, San\u00e1, y en ciudades del sur del pa\u00eds pese a la entrada en vigor de la tregua humanitaria la pasada medianoche.<\/p>\n<p style=\"text-align: justify\">Los primeros ataques a\u00e9reos se registraron tan solo dos horas despu\u00e9s del comienzo del alto el fuego y consistieron en tres bombardeos contra la sede del Departamento de Ingenieros del Ej\u00e9rcito en San\u00e1, seg\u00fan fuentes locales.<\/p>\n<p style=\"text-align: justify\">Por su parte, El Ej\u00e9rcito de Yemen asegur\u00f3 este s\u00e1bado que responder\u00e1 a cualquier violaci\u00f3n que cometa el r\u00e9gimen saud\u00ed de la tregua anunciada por la (ONU).<\/p>\n<p style=\"text-align: justify\">En el mismo contexto, un miembro del movimiento de Ansarol\u00e1, ha responsabilizado al r\u00e9gimen saud\u00ed y a los integrantes del grupo Al-Qaeda en la Pen\u00ednsula Ar\u00e1biga de la violaci\u00f3n de la tregua humanitaria de la ONU.<\/p>\n<p style=\"text-align: justify\">Es de se\u00f1alar, La Oficina del Alto Comisionado para los Derechos Humanos de las Naciones Unidas indic\u00f3 que el n\u00famero de civiles muertos en Yemen desde el comienzo de la ofensiva saud\u00ed contra este pa\u00eds \u00e1rabe ha superado los 1500, entre ellos 279 ni\u00f1os.<\/p>\n<p style=\"text-align: justify\"><span style=\"color: #0000ff\">Ataques saud\u00eds dejan 28 muertos en Yemen<\/span><\/p>\n<p style=\"text-align: justify\">Al menos 28 personas han muerto en recientes ataques saud\u00edes contra diferentes provincias de Yemen, un d\u00eda despu\u00e9s de que la ONU anunci\u00f3 una tregua en el pa\u00eds.<\/p>\n<p style=\"text-align: justify\">Seg\u00fan la agencia yemen\u00ed Saba\u00e1, Unas 28 personas han perdido la vida este s\u00e1bado cuando aviones saud\u00edes lanzaron misiles contra las provincias de Al-Bayda, Ad Dali (sur), Taiz (suroeste).<\/p>\n<p>M.Miri<\/p>\n","protected":false},"excerpt":{"rendered":"<p>San\u00e1-SANA Los aviones de Arabia Saud\u00ed, continuaron sus bombardeos hoy contra posiciones en la capital yemen\u00ed, San\u00e1, y en ciudades del sur del pa\u00eds pese a la entrada en vigor de la tregua humanitaria la pasada medianoche. Los primeros ataques a\u00e9reos se registraron tan solo dos horas despu\u00e9s del comienzo del alto el fuego y &hellip;<\/p>\n","protected":false},"author":1,"featured_media":22309,"comment_status":"closed","ping_status":"closed","sticky":false,"template":"","format":"standard","meta":{"footnotes":""},"categories":[456,457,576],"tags":[5957],"class_list":["post-26492","post","type-post","status-publish","format-standard","has-post-thumbnail","","category-arabe-internacional-politica","category-noticias-arabe-internacional-politica","category-noticias-politicas","tag-arabia-saudi-lanza-bombardeos-en-el-yemen-pese-al-inicio-de-la-tregua-humanitaria"],"_links":{"self":[{"href":"https:\/\/archive.sana.sy\/es\/index.php?rest_route=\/wp\/v2\/posts\/26492"}],"collection":[{"href":"https:\/\/archive.sana.sy\/es\/index.php?rest_route=\/wp\/v2\/posts"}],"about":[{"href":"https:\/\/archive.sana.sy\/es\/index.php?rest_route=\/wp\/v2\/types\/post"}],"author":[{"embeddable":true,"href":"https:\/\/archive.sana.sy\/es\/index.php?rest_route=\/wp\/v2\/users\/1"}],"replies":[{"embeddable":true,"href":"https:\/\/archive.sana.sy\/es\/index.php?rest_route=%2Fwp%2Fv2%2Fcomments&post=26492"}],"version-history":[{"count":0,"href":"https:\/\/archive.sana.sy\/es\/index.php?rest_route=\/wp\/v2\/posts\/26492\/revisions"}],"wp:featuredmedia":[{"embeddable":true,"href":"https:\/\/archive.sana.sy\/es\/index.php?rest_route=\/wp\/v2\/media\/22309"}],"wp:attachment":[{"href":"https:\/\/archive.sana.sy\/es\/index.php?rest_route=%2Fwp%2Fv2%2Fmedia&parent=26492"}],"wp:term":[{"taxonomy":"category","embeddable":true,"href":"https:\/\/archive.sana.sy\/es\/index.php?rest_route=%2Fwp%2Fv2%2Fcategories&post=26492"},{"taxonomy":"post_tag","embeddable":true,"href":"https:\/\/archive.sana.sy\/es\/index.php?rest_route=%2Fwp%2Fv2%2Ftags&post=26492"}],"curies":[{"name":"wp","href":"https:\/\/api.w.org\/{rel}","templated":true}]}}