{"id":264928,"date":"2022-12-05T15:16:49","date_gmt":"2022-12-05T13:16:49","guid":{"rendered":"http:\/\/107.6.182.27\/es\/?p=264928"},"modified":"2022-12-06T17:54:22","modified_gmt":"2022-12-06T15:54:22","slug":"presidente-al-assad-recibe-cartas-credenciales-del-nuevo-embajador-de-pakistan-en-siria","status":"publish","type":"post","link":"https:\/\/archive.sana.sy\/es\/?p=264928","title":{"rendered":"Presidente al-Assad recibe cartas credenciales del nuevo embajador de Pakist\u00e1n en Siria"},"content":{"rendered":"<p><span style=\"color: #800000;\"><strong>Damasco, 5 dic (SANA)<\/strong><\/span> El presidente al-Assad recibi\u00f3 las cartas credenciales de Shahid Akhtar como Embajador Extraordinario y Plenipotenciario de la Rep\u00fablica Isl\u00e1mica de Pakist\u00e1n en la Rep\u00fablica \u00c1rabe Siria.<\/p>\n<p>El acto cont\u00f3 con la\u00a0 presencia del ministro de Relaciones Exteriores y Expatriados, Faisal al-Mekdad y el ministro de Asuntos de la Presidencia, Mansour Azzam.<\/p>\n<p><img loading=\"lazy\" decoding=\"async\" class=\"alignnone size-full wp-image-264941\" src=\"http:\/\/107.6.182.27\/es\/wp-content\/uploads\/2022\/12\/04-4-copy.jpg\" alt=\"\" width=\"1200\" height=\"795\" srcset=\"https:\/\/archive.sana.sy\/es\/wp-content\/uploads\/2022\/12\/04-4-copy.jpg 1200w, https:\/\/archive.sana.sy\/es\/wp-content\/uploads\/2022\/12\/04-4-copy-300x199.jpg 300w, https:\/\/archive.sana.sy\/es\/wp-content\/uploads\/2022\/12\/04-4-copy-1024x678.jpg 1024w, https:\/\/archive.sana.sy\/es\/wp-content\/uploads\/2022\/12\/04-4-copy-150x99.jpg 150w, https:\/\/archive.sana.sy\/es\/wp-content\/uploads\/2022\/12\/04-4-copy-768x509.jpg 768w, https:\/\/archive.sana.sy\/es\/wp-content\/uploads\/2022\/12\/04-4-copy-310x205.jpg 310w\" sizes=\"(max-width: 1200px) 100vw, 1200px\" \/><\/p>\n<p>fm\/mm<\/p>\n","protected":false},"excerpt":{"rendered":"<p>Damasco, 5 dic (SANA) El presidente al-Assad recibi\u00f3 las cartas credenciales de Shahid Akhtar como Embajador Extraordinario y Plenipotenciario de la Rep\u00fablica Isl\u00e1mica de Pakist\u00e1n en la Rep\u00fablica \u00c1rabe Siria. El acto cont\u00f3 con la\u00a0 presencia del ministro de Relaciones Exteriores y Expatriados, Faisal al-Mekdad y el ministro de Asuntos de la Presidencia, Mansour Azzam. &hellip;<\/p>\n","protected":false},"author":36,"featured_media":264929,"comment_status":"closed","ping_status":"closed","sticky":false,"template":"","format":"standard","meta":{"footnotes":""},"categories":[597,16237,583,626],"tags":[],"class_list":["post-264928","post","type-post","status-publish","format-standard","has-post-thumbnail","","category-cinta-de-noticias","category-presidence-de-la-republique-arabe-syria","category-slide","category-sr-presidente"],"_links":{"self":[{"href":"https:\/\/archive.sana.sy\/es\/index.php?rest_route=\/wp\/v2\/posts\/264928"}],"collection":[{"href":"https:\/\/archive.sana.sy\/es\/index.php?rest_route=\/wp\/v2\/posts"}],"about":[{"href":"https:\/\/archive.sana.sy\/es\/index.php?rest_route=\/wp\/v2\/types\/post"}],"author":[{"embeddable":true,"href":"https:\/\/archive.sana.sy\/es\/index.php?rest_route=\/wp\/v2\/users\/36"}],"replies":[{"embeddable":true,"href":"https:\/\/archive.sana.sy\/es\/index.php?rest_route=%2Fwp%2Fv2%2Fcomments&post=264928"}],"version-history":[{"count":0,"href":"https:\/\/archive.sana.sy\/es\/index.php?rest_route=\/wp\/v2\/posts\/264928\/revisions"}],"wp:featuredmedia":[{"embeddable":true,"href":"https:\/\/archive.sana.sy\/es\/index.php?rest_route=\/wp\/v2\/media\/264929"}],"wp:attachment":[{"href":"https:\/\/archive.sana.sy\/es\/index.php?rest_route=%2Fwp%2Fv2%2Fmedia&parent=264928"}],"wp:term":[{"taxonomy":"category","embeddable":true,"href":"https:\/\/archive.sana.sy\/es\/index.php?rest_route=%2Fwp%2Fv2%2Fcategories&post=264928"},{"taxonomy":"post_tag","embeddable":true,"href":"https:\/\/archive.sana.sy\/es\/index.php?rest_route=%2Fwp%2Fv2%2Ftags&post=264928"}],"curies":[{"name":"wp","href":"https:\/\/api.w.org\/{rel}","templated":true}]}}