{"id":26496,"date":"2015-07-11T22:04:44","date_gmt":"2015-07-11T19:04:44","guid":{"rendered":"http:\/\/sana.sy\/es\/?p=26496"},"modified":"2015-07-11T22:04:44","modified_gmt":"2015-07-11T19:04:44","slug":"un-dron-israeli-cae-en-aguas-territoriales-libanesas","status":"publish","type":"post","link":"https:\/\/archive.sana.sy\/es\/?p=26496","title":{"rendered":"Un dron israel\u00ed cae en aguas territoriales libanesas"},"content":{"rendered":"<p><span style=\"color: #800000\">Beirut-SANA<\/span><\/p>\n<p style=\"text-align: justify\">Un dron israel\u00ed cay\u00f3 este s\u00e1bado en el puerto de Tr\u00edpoli en el norte del L\u00edbano, seg\u00fan los reportes del ej\u00e9rcito liban\u00e9s, que alert\u00f3 de que es el segundo incidente en tres semanas.<\/p>\n<p style=\"text-align: justify\">Las fuerzas libanesas hallaron alrededor de las 8:30 de la ma\u00f1ana de hoy s\u00e1bado, hora local, los restos de un dron esp\u00eda israel\u00ed que cay\u00f3 en las aguas cercanas al puerto de Tr\u00edpoli, de acuerdo con la nota.<\/p>\n<p style=\"text-align: justify\">Agrega que el Ej\u00e9rcito liban\u00e9s ha tomado posesi\u00f3n del aparato con el fin de realizar investigaciones pertinentes.<\/p>\n<p style=\"text-align: justify\">Desde enero de este a\u00f1o, el Gobierno liban\u00e9s mantiene estado de alerta en la frontera con Israel tras los ataques recibidos, a pesar de las garant\u00edas de varias instancias diplom\u00e1ticas de no vivir nuevamente una guerra como la ocurrida en el 2006.<\/p>\n<p style=\"text-align: justify\">El 21 de junio, la aviaci\u00f3n israel\u00ed destruy\u00f3 uno de sus drones siniestrado en una zona de la regi\u00f3n monta\u00f1osa del este de L\u00edbano, seg\u00fan una fuente de seguridad libanesa.<\/p>\n<p>M.Miri, Riad.Sh<\/p>\n","protected":false},"excerpt":{"rendered":"<p>Beirut-SANA Un dron israel\u00ed cay\u00f3 este s\u00e1bado en el puerto de Tr\u00edpoli en el norte del L\u00edbano, seg\u00fan los reportes del ej\u00e9rcito liban\u00e9s, que alert\u00f3 de que es el segundo incidente en tres semanas. Las fuerzas libanesas hallaron alrededor de las 8:30 de la ma\u00f1ana de hoy s\u00e1bado, hora local, los restos de un dron &hellip;<\/p>\n","protected":false},"author":1,"featured_media":26497,"comment_status":"closed","ping_status":"closed","sticky":false,"template":"","format":"standard","meta":{"footnotes":""},"categories":[456,457,576],"tags":[5958],"class_list":["post-26496","post","type-post","status-publish","format-standard","has-post-thumbnail","","category-arabe-internacional-politica","category-noticias-arabe-internacional-politica","category-noticias-politicas","tag-un-dron-israeli-cae-en-aguas-territoriales-libanesas"],"_links":{"self":[{"href":"https:\/\/archive.sana.sy\/es\/index.php?rest_route=\/wp\/v2\/posts\/26496"}],"collection":[{"href":"https:\/\/archive.sana.sy\/es\/index.php?rest_route=\/wp\/v2\/posts"}],"about":[{"href":"https:\/\/archive.sana.sy\/es\/index.php?rest_route=\/wp\/v2\/types\/post"}],"author":[{"embeddable":true,"href":"https:\/\/archive.sana.sy\/es\/index.php?rest_route=\/wp\/v2\/users\/1"}],"replies":[{"embeddable":true,"href":"https:\/\/archive.sana.sy\/es\/index.php?rest_route=%2Fwp%2Fv2%2Fcomments&post=26496"}],"version-history":[{"count":0,"href":"https:\/\/archive.sana.sy\/es\/index.php?rest_route=\/wp\/v2\/posts\/26496\/revisions"}],"wp:featuredmedia":[{"embeddable":true,"href":"https:\/\/archive.sana.sy\/es\/index.php?rest_route=\/wp\/v2\/media\/26497"}],"wp:attachment":[{"href":"https:\/\/archive.sana.sy\/es\/index.php?rest_route=%2Fwp%2Fv2%2Fmedia&parent=26496"}],"wp:term":[{"taxonomy":"category","embeddable":true,"href":"https:\/\/archive.sana.sy\/es\/index.php?rest_route=%2Fwp%2Fv2%2Fcategories&post=26496"},{"taxonomy":"post_tag","embeddable":true,"href":"https:\/\/archive.sana.sy\/es\/index.php?rest_route=%2Fwp%2Fv2%2Ftags&post=26496"}],"curies":[{"name":"wp","href":"https:\/\/api.w.org\/{rel}","templated":true}]}}