{"id":26505,"date":"2015-07-12T13:03:41","date_gmt":"2015-07-12T10:03:41","guid":{"rendered":"http:\/\/sana.sy\/es\/?p=26505"},"modified":"2023-01-10T15:35:15","modified_gmt":"2023-01-10T13:35:15","slug":"titularess-principales-de-los-diarios-sirios-de-este-domingo","status":"publish","type":"post","link":"https:\/\/archive.sana.sy\/es\/?p=26505","title":{"rendered":"Titularess principales de los diarios sirios de este domingo"},"content":{"rendered":"<p><span style=\"color: #800000\">Damasaco, SANA<\/span><\/p>\n<p>Los principales diarios sirios destacaron los siguientes titulares:<\/p>\n<p>= Fuerzas Armadas aniquilan a terroristas y destruyen sus pertrechos b\u00e9licos en varias provincias.<\/p>\n<p>= Unidad del ej\u00e9rcito se enfrenta con terroristas del EI en el campo nordeste de Sweida.<\/p>\n<p>= Terroristas del Frente de al-Nousra sufren cuantiosas bajase en operativos del ej\u00e9rcito en Deraa.<\/p>\n<p>= Fuerzas armadas bombardean a concentraciones de las organizaciones terroristas y a sus rutas de suministro en Quneitra y Damasco-campo.<\/p>\n<p>= 15 terroristas son abatidos por una unidad militar en la ciudad de Salmah, en el campo norte de Latakia.<\/p>\n<p>= Fuerzas Armadas arrasan con mercenarios del \u201cEstado Isl\u00e1mico\u201d en la regi\u00f3n de Homs.<\/p>\n<p>= Fuerzas populares acaban con tres francotiradores del EI en el barrio de al-Villat al-Humor en Hassakeh.<\/p>\n<p>= Un terrorista del Estado Isl\u00e1mico capturado por el ej\u00e9rcito sirio confiesa haber luchado bajo mando de cabecillas extranjeros.<\/p>\n<p>= Un dron del enemigo israel\u00ed cae en aguas territoriales libanesas, frente a Tr\u00edpoli.<\/p>\n<p>= El r\u00e9gimen de Arabia Saud\u00ed lanza bombardeos en Yemen pese a la entrada en vigor de la tregua humanitaria.<\/p>\n<p>= Ej\u00e9rcito iraqu\u00ed recupera una zona pr\u00f3xima a una base militar en al-Anbar, y liquida a cientos de terroristas del Estado Isl\u00e1mico.<\/p>\n<p>= Un diputado franc\u00e9s afirma que no hay ninguna soluci\u00f3n a la crisis siria sin el presidente al-Assad.<\/p>\n<p>= Wikileaks revela que la monarqu\u00eda saudita lanz\u00f3 campa\u00f1a contra Siria en las organizaciones regionales e internacionales.<\/p>\n<p>= Teher\u00e1n afirma que cualquier intervenci\u00f3n militar turca contra Siria ser\u00eda una locura.<\/p>\n<p>= Muere una persona en un atentado terrorista frente al Consulado italiano en El Cairo.<\/p>\n<p>= Alto funcionario checo asegura que la crisis en Siria se soluciona a trav\u00e9s del di\u00e1logo.<\/p>\n<p>= Se derrumba una parte de la muralla de la ciudadela de Alepo a consecuencia de un atentado terrorista.<\/p>\n<p>= Primer Ministro refirma inter\u00e9s del gobierno en proporcionar todos los requisitos para el buen funcionamiento de las ciudades industriales.<\/p>\n<p>= Presidente del Parlamento asegura que la guerra contra el terrorismo no lograr\u00e1 su prop\u00f3sito sin la coordinaci\u00f3n y cooperaci\u00f3n con los gobiernos de Siria e Irak.<\/p>\n<p>= Mueren 28 yemen\u00edes en una nueva jornada de agresiones saud\u00edes.<\/p>\n<p>= Fuerzas egipcias capturan a los miembros de una c\u00e9lula terrorista dirigida desde Turqu\u00eda por la Hermandad Musulmana.<\/p>\n<p>= Zarif y Kerry se re\u00fanen para discutir la evoluci\u00f3n del texto del acuerdo nuclear.<\/p>\n<p>= Ministro de Turismo habla del re arranque de varias instalaciones tur\u00edstica.<br \/>\nFady M., Lynn A.<\/p>\n","protected":false},"excerpt":{"rendered":"<p>Damasaco, SANA Los principales diarios sirios destacaron los siguientes titulares: = Fuerzas Armadas aniquilan a terroristas y destruyen sus pertrechos b\u00e9licos en varias provincias. = Unidad del ej\u00e9rcito se enfrenta con terroristas del EI en el campo nordeste de Sweida. = Terroristas del Frente de al-Nousra sufren cuantiosas bajase en operativos del ej\u00e9rcito en Deraa. &hellip;<\/p>\n","protected":false},"author":24,"featured_media":6186,"comment_status":"closed","ping_status":"closed","sticky":false,"template":"","format":"standard","meta":{"footnotes":""},"categories":[447,555],"tags":[5963],"class_list":["post-26505","post","type-post","status-publish","format-standard","has-post-thumbnail","","category-local-politica","category-prensa","tag-titularess-principales-de-los-diarios-sirios-de-este-domingo"],"_links":{"self":[{"href":"https:\/\/archive.sana.sy\/es\/index.php?rest_route=\/wp\/v2\/posts\/26505"}],"collection":[{"href":"https:\/\/archive.sana.sy\/es\/index.php?rest_route=\/wp\/v2\/posts"}],"about":[{"href":"https:\/\/archive.sana.sy\/es\/index.php?rest_route=\/wp\/v2\/types\/post"}],"author":[{"embeddable":true,"href":"https:\/\/archive.sana.sy\/es\/index.php?rest_route=\/wp\/v2\/users\/24"}],"replies":[{"embeddable":true,"href":"https:\/\/archive.sana.sy\/es\/index.php?rest_route=%2Fwp%2Fv2%2Fcomments&post=26505"}],"version-history":[{"count":0,"href":"https:\/\/archive.sana.sy\/es\/index.php?rest_route=\/wp\/v2\/posts\/26505\/revisions"}],"wp:featuredmedia":[{"embeddable":true,"href":"https:\/\/archive.sana.sy\/es\/index.php?rest_route=\/wp\/v2\/media\/6186"}],"wp:attachment":[{"href":"https:\/\/archive.sana.sy\/es\/index.php?rest_route=%2Fwp%2Fv2%2Fmedia&parent=26505"}],"wp:term":[{"taxonomy":"category","embeddable":true,"href":"https:\/\/archive.sana.sy\/es\/index.php?rest_route=%2Fwp%2Fv2%2Fcategories&post=26505"},{"taxonomy":"post_tag","embeddable":true,"href":"https:\/\/archive.sana.sy\/es\/index.php?rest_route=%2Fwp%2Fv2%2Ftags&post=26505"}],"curies":[{"name":"wp","href":"https:\/\/api.w.org\/{rel}","templated":true}]}}