{"id":265070,"date":"2022-12-06T12:20:53","date_gmt":"2022-12-06T10:20:53","guid":{"rendered":"http:\/\/107.6.182.27\/es\/?p=265070"},"modified":"2023-01-10T15:49:23","modified_gmt":"2023-01-10T13:49:23","slug":"mueren-cuatro-civiles-y-otros-ocho-resultan-heridos-por-bombardeos-ucranianos-contra-donetsk","status":"publish","type":"post","link":"https:\/\/archive.sana.sy\/es\/?p=265070","title":{"rendered":"Mueren cuatro civiles y otros ocho resultan heridos por bombardeos ucranianos contra Donetsk"},"content":{"rendered":"<p style=\"text-align: justify;\"><span style=\"color: #800000;\"><strong>Donetsk, 04 dic (SANA)\u00a0 \u00a0<\/strong><\/span>La Oficina de Representaci\u00f3n de la Rep\u00fablica Popular de Donetsk anunci\u00f3 que cuatro civiles perdieron la vida por bombardeos de las fuerzas del r\u00e9gimen ucraniano contra la Rep\u00fablica durante las \u00faltimas 24 horas.<\/p>\n<p style=\"text-align: justify;\">\u201cLos soldados ucranianos contin\u00faan sus bombardeos contra los territorios de la Rep\u00fablica, lo que caus\u00f3 la muerte de cuatro personas mientras otras ocho resultaron heridas\u201d, inform\u00f3 la cadena de noticias Russia Today citando la mencionada Oficina.<\/p>\n<p style=\"text-align: justify;\">Las fuerzas ucranianas siguen atacando diariamente las zonas residenciales de Donetsk, causando numerosas bajas civiles y p\u00e9rdidas materiales.<\/p>\n<p style=\"text-align: justify;\">fm\/ed<\/p>\n","protected":false},"excerpt":{"rendered":"<p>Donetsk, 04 dic (SANA)\u00a0 \u00a0La Oficina de Representaci\u00f3n de la Rep\u00fablica Popular de Donetsk anunci\u00f3 que cuatro civiles perdieron la vida por bombardeos de las fuerzas del r\u00e9gimen ucraniano contra la Rep\u00fablica durante las \u00faltimas 24 horas. \u201cLos soldados ucranianos contin\u00faan sus bombardeos contra los territorios de la Rep\u00fablica, lo que caus\u00f3 la muerte de &hellip;<\/p>\n","protected":false},"author":32,"featured_media":265071,"comment_status":"closed","ping_status":"closed","sticky":false,"template":"","format":"standard","meta":{"footnotes":""},"categories":[597,456,20724,7541],"tags":[],"class_list":["post-265070","post","type-post","status-publish","format-standard","has-post-thumbnail","","category-cinta-de-noticias","category-arabe-internacional-politica","category-minuto-a-minuto","category-ultimas-noticias"],"_links":{"self":[{"href":"https:\/\/archive.sana.sy\/es\/index.php?rest_route=\/wp\/v2\/posts\/265070"}],"collection":[{"href":"https:\/\/archive.sana.sy\/es\/index.php?rest_route=\/wp\/v2\/posts"}],"about":[{"href":"https:\/\/archive.sana.sy\/es\/index.php?rest_route=\/wp\/v2\/types\/post"}],"author":[{"embeddable":true,"href":"https:\/\/archive.sana.sy\/es\/index.php?rest_route=\/wp\/v2\/users\/32"}],"replies":[{"embeddable":true,"href":"https:\/\/archive.sana.sy\/es\/index.php?rest_route=%2Fwp%2Fv2%2Fcomments&post=265070"}],"version-history":[{"count":0,"href":"https:\/\/archive.sana.sy\/es\/index.php?rest_route=\/wp\/v2\/posts\/265070\/revisions"}],"wp:featuredmedia":[{"embeddable":true,"href":"https:\/\/archive.sana.sy\/es\/index.php?rest_route=\/wp\/v2\/media\/265071"}],"wp:attachment":[{"href":"https:\/\/archive.sana.sy\/es\/index.php?rest_route=%2Fwp%2Fv2%2Fmedia&parent=265070"}],"wp:term":[{"taxonomy":"category","embeddable":true,"href":"https:\/\/archive.sana.sy\/es\/index.php?rest_route=%2Fwp%2Fv2%2Fcategories&post=265070"},{"taxonomy":"post_tag","embeddable":true,"href":"https:\/\/archive.sana.sy\/es\/index.php?rest_route=%2Fwp%2Fv2%2Ftags&post=265070"}],"curies":[{"name":"wp","href":"https:\/\/api.w.org\/{rel}","templated":true}]}}