{"id":265129,"date":"2022-12-06T19:11:43","date_gmt":"2022-12-06T17:11:43","guid":{"rendered":"http:\/\/107.6.182.27\/es\/?p=265129"},"modified":"2023-01-10T15:49:22","modified_gmt":"2023-01-10T13:49:22","slug":"los-drones-que-atacaron-dos-aerodromos-militares-rusos-despegaron-desde-territorio-ucraniano-fotos","status":"publish","type":"post","link":"https:\/\/archive.sana.sy\/es\/?p=265129","title":{"rendered":"Los drones que atacaron dos aer\u00f3dromos militares rusos despegaron desde territorio ucraniano"},"content":{"rendered":"<p style=\"text-align: justify\"><span style=\"color: #800000\"><strong>Washington, 6 dic (SANA)<\/strong> <\/span>Los drones que atacaron la madrugada de este lunes dos aer\u00f3dromos rusos, que albergan bombarderos estrat\u00e9gicos, despegaron desde el territorio de Ucrania, inform\u00f3 The New York Times citando a un alto funcionario del pa\u00eds eslavo.<\/p>\n<p style=\"text-align: justify\">Seg\u00fan el rotativo que fue citado por RT, al menos uno de los ataques se llev\u00f3 a cabo con la ayuda de las fuerzas especiales ucranianas desplegadas cerca a la base, que ayudaron a guiar los drones hacia el objetivo.<\/p>\n<p style=\"text-align: justify\">Desde el Ministerio de Defensa ruso confirmaron el ataque contra los aer\u00f3dromos de Di\u00e1guilevo (regi\u00f3n de Riaz\u00e1n) y de \u00c9nguels (regi\u00f3n de Sar\u00e1tov), situados a cientos de kil\u00f3metros de Ucrania.<\/p>\n<p style=\"text-align: justify\">De acuerdo con la instituci\u00f3n, los aparatos de fabricaci\u00f3n sovi\u00e9tica, que volaban a baja altura, fueron interceptados, pero la ca\u00edda y la explosi\u00f3n de los escombros de los drones causaron ligeros da\u00f1os en dos aviones.<\/p>\n<p style=\"text-align: justify\">Adem\u00e1s, se report\u00f3 que tres militares murieron, mientras que otros cuatro resultaron heridos.<\/p>\n<p style=\"text-align: justify\">fm\/la<\/p>\n","protected":false},"excerpt":{"rendered":"<p>Washington, 6 dic (SANA) Los drones que atacaron la madrugada de este lunes dos aer\u00f3dromos rusos, que albergan bombarderos estrat\u00e9gicos, despegaron desde el territorio de Ucrania, inform\u00f3 The New York Times citando a un alto funcionario del pa\u00eds eslavo. Seg\u00fan el rotativo que fue citado por RT, al menos uno de los ataques se llev\u00f3 &hellip;<\/p>\n","protected":false},"author":24,"featured_media":265130,"comment_status":"closed","ping_status":"closed","sticky":false,"template":"","format":"standard","meta":{"footnotes":""},"categories":[447,597,456,20724,7541],"tags":[],"class_list":["post-265129","post","type-post","status-publish","format-standard","has-post-thumbnail","","category-local-politica","category-cinta-de-noticias","category-arabe-internacional-politica","category-minuto-a-minuto","category-ultimas-noticias"],"_links":{"self":[{"href":"https:\/\/archive.sana.sy\/es\/index.php?rest_route=\/wp\/v2\/posts\/265129"}],"collection":[{"href":"https:\/\/archive.sana.sy\/es\/index.php?rest_route=\/wp\/v2\/posts"}],"about":[{"href":"https:\/\/archive.sana.sy\/es\/index.php?rest_route=\/wp\/v2\/types\/post"}],"author":[{"embeddable":true,"href":"https:\/\/archive.sana.sy\/es\/index.php?rest_route=\/wp\/v2\/users\/24"}],"replies":[{"embeddable":true,"href":"https:\/\/archive.sana.sy\/es\/index.php?rest_route=%2Fwp%2Fv2%2Fcomments&post=265129"}],"version-history":[{"count":0,"href":"https:\/\/archive.sana.sy\/es\/index.php?rest_route=\/wp\/v2\/posts\/265129\/revisions"}],"wp:featuredmedia":[{"embeddable":true,"href":"https:\/\/archive.sana.sy\/es\/index.php?rest_route=\/wp\/v2\/media\/265130"}],"wp:attachment":[{"href":"https:\/\/archive.sana.sy\/es\/index.php?rest_route=%2Fwp%2Fv2%2Fmedia&parent=265129"}],"wp:term":[{"taxonomy":"category","embeddable":true,"href":"https:\/\/archive.sana.sy\/es\/index.php?rest_route=%2Fwp%2Fv2%2Fcategories&post=265129"},{"taxonomy":"post_tag","embeddable":true,"href":"https:\/\/archive.sana.sy\/es\/index.php?rest_route=%2Fwp%2Fv2%2Ftags&post=265129"}],"curies":[{"name":"wp","href":"https:\/\/api.w.org\/{rel}","templated":true}]}}