{"id":265151,"date":"2022-12-06T20:48:43","date_gmt":"2022-12-06T18:48:43","guid":{"rendered":"http:\/\/107.6.182.27\/es\/?p=265151"},"modified":"2023-01-10T15:49:21","modified_gmt":"2023-01-10T13:49:21","slug":"rusia-cifra-en-mas-de-8-300-militares-las-perdidas-de-ucrania-en-noviembre","status":"publish","type":"post","link":"https:\/\/archive.sana.sy\/es\/?p=265151","title":{"rendered":"Rusia cifra en m\u00e1s de 8.300 militares las p\u00e9rdidas de Ucrania en noviembre"},"content":{"rendered":"<p style=\"text-align: justify;\"><span style=\"color: #800000;\"><strong>Damasco, 06 dic (SANA)<\/strong><\/span> Las tropas ucranianas perdieron en noviembre m\u00e1s de 8.300 militares y m\u00e1s de 300 veh\u00edculos blindados, seg\u00fan el ministro de Defensa de Rusia, Sergu\u00e9i Shoig\u00fa.<\/p>\n<p style=\"text-align: justify;\">&#8220;Las p\u00e9rdidas del enemigo en noviembre ascendieron a m\u00e1s de 8.300 soldados, cinco aviones, 10 helic\u00f3pteros, 149 tanques y m\u00e1s de 300 veh\u00edculos blindados de combate&#8221;, comunic\u00f3 en una reuni\u00f3n virtual con comandantes militares.<\/p>\n<p style=\"text-align: justify;\">En las direcciones de Donetsk y Lugansk, se infligieron da\u00f1os significativos a las tropas ucranianas, se\u00f1al\u00f3 el titular castrense.<\/p>\n<p style=\"text-align: justify;\">Record\u00f3 que las Fuerzas Armadas rusas, por su parte, liberaron \u00faltimamente las localidades de Maiorsk, P\u00e1vlovka, \u00d3pitnoe, Andr\u00e9evka, Belogorovka y Kurdi\u00famovka.<\/p>\n<p style=\"text-align: justify;\">Rusia contin\u00faa desde el pasado 24 de febrero una operaci\u00f3n militar especial en respuesta a la solicitud de las Rep\u00fablicas Populares de Donetsk y Lugansk, previamente reconocidas por Mosc\u00fa como Estados soberanos, para que se les preste ayuda frente al genocidio por parte de Kiev.<\/p>\n<p style=\"text-align: justify;\">Uno de los objetivos fundamentales de esa ofensiva, seg\u00fan el presidente ruso, Vlad\u00edmir Putin, es la desmilitarizaci\u00f3n y la desnazificaci\u00f3n de Ucrania.<\/p>\n<p style=\"text-align: justify;\">La Oficina del Alto Comisionado de la ONU para los Derechos Humanos estima en m\u00e1s de 6.700 muertos y m\u00e1s de 10.400 heridos las v\u00edctimas civiles del conflicto ucraniano.<\/p>\n<p><strong>Fuente: Sputnik<\/strong><\/p>\n","protected":false},"excerpt":{"rendered":"<p>Damasco, 06 dic (SANA) Las tropas ucranianas perdieron en noviembre m\u00e1s de 8.300 militares y m\u00e1s de 300 veh\u00edculos blindados, seg\u00fan el ministro de Defensa de Rusia, Sergu\u00e9i Shoig\u00fa. &#8220;Las p\u00e9rdidas del enemigo en noviembre ascendieron a m\u00e1s de 8.300 soldados, cinco aviones, 10 helic\u00f3pteros, 149 tanques y m\u00e1s de 300 veh\u00edculos blindados de combate&#8221;, &hellip;<\/p>\n","protected":false},"author":36,"featured_media":265152,"comment_status":"closed","ping_status":"closed","sticky":false,"template":"","format":"standard","meta":{"footnotes":""},"categories":[597,456,20724,457],"tags":[],"class_list":["post-265151","post","type-post","status-publish","format-standard","has-post-thumbnail","","category-cinta-de-noticias","category-arabe-internacional-politica","category-minuto-a-minuto","category-noticias-arabe-internacional-politica"],"_links":{"self":[{"href":"https:\/\/archive.sana.sy\/es\/index.php?rest_route=\/wp\/v2\/posts\/265151"}],"collection":[{"href":"https:\/\/archive.sana.sy\/es\/index.php?rest_route=\/wp\/v2\/posts"}],"about":[{"href":"https:\/\/archive.sana.sy\/es\/index.php?rest_route=\/wp\/v2\/types\/post"}],"author":[{"embeddable":true,"href":"https:\/\/archive.sana.sy\/es\/index.php?rest_route=\/wp\/v2\/users\/36"}],"replies":[{"embeddable":true,"href":"https:\/\/archive.sana.sy\/es\/index.php?rest_route=%2Fwp%2Fv2%2Fcomments&post=265151"}],"version-history":[{"count":0,"href":"https:\/\/archive.sana.sy\/es\/index.php?rest_route=\/wp\/v2\/posts\/265151\/revisions"}],"wp:featuredmedia":[{"embeddable":true,"href":"https:\/\/archive.sana.sy\/es\/index.php?rest_route=\/wp\/v2\/media\/265152"}],"wp:attachment":[{"href":"https:\/\/archive.sana.sy\/es\/index.php?rest_route=%2Fwp%2Fv2%2Fmedia&parent=265151"}],"wp:term":[{"taxonomy":"category","embeddable":true,"href":"https:\/\/archive.sana.sy\/es\/index.php?rest_route=%2Fwp%2Fv2%2Fcategories&post=265151"},{"taxonomy":"post_tag","embeddable":true,"href":"https:\/\/archive.sana.sy\/es\/index.php?rest_route=%2Fwp%2Fv2%2Ftags&post=265151"}],"curies":[{"name":"wp","href":"https:\/\/api.w.org\/{rel}","templated":true}]}}