{"id":265154,"date":"2022-12-07T04:21:57","date_gmt":"2022-12-07T02:21:57","guid":{"rendered":"http:\/\/107.6.182.27\/es\/?p=265154"},"modified":"2023-01-10T15:49:21","modified_gmt":"2023-01-10T13:49:21","slug":"nebenzia-pondremos-fin-a-la-amenaza-del-regimen-de-kiev-por-todos-los-medios","status":"publish","type":"post","link":"https:\/\/archive.sana.sy\/es\/?p=265154","title":{"rendered":"Nebenzia: Pondremos fin a la amenaza del r\u00e9gimen de Kiev por todos los medios"},"content":{"rendered":"<p style=\"text-align: justify;\"><span style=\"color: #800000;\"><strong>Washington, 7 dic (SANA)\u00a0\u00a0<\/strong><\/span> \u201cSi Rusia no puede eliminar la amenaza que representa el r\u00e9gimen de Kiev por medios pac\u00edficos, lo har\u00e1 militarmente\u201d, dijo hoy el representante permanente de Rusia ante las Naciones Unidas, Vasily Nebenzia.<\/p>\n<p style=\"text-align: justify;\">\u201cSi estos objetivos no se logran pac\u00edficamente y Ucrania se convierte en un pa\u00eds normal y de buena vecindad que no representa una amenaza para Rusia, entonces este objetivo se lograr\u00e1 por medios militares\u201d, dijo el delegado.<\/p>\n<p style=\"text-align: justify;\">Dijo que el sufrimiento de los residentes de las ciudades ucranianas se debe al imprudente r\u00e9gimen de Vladimir Zelensky y sus patrocinadores occidentales.<\/p>\n<p style=\"text-align: justify;\">El diplom\u00e1tico precis\u00f3 que la pol\u00edtica del r\u00e9gimen de Kiev no deja lugar a dudas su car\u00e1cter criminal, y acus\u00f3 a los pa\u00edses occidentales de hacer la vista gorda ante sus horribles cr\u00edmenes contra sus propios ciudadanos y los civiles en el Donbas.<\/p>\n<p style=\"text-align: justify;\">fm<\/p>\n<p style=\"text-align: justify;\">\n","protected":false},"excerpt":{"rendered":"<p>Washington, 7 dic (SANA)\u00a0\u00a0 \u201cSi Rusia no puede eliminar la amenaza que representa el r\u00e9gimen de Kiev por medios pac\u00edficos, lo har\u00e1 militarmente\u201d, dijo hoy el representante permanente de Rusia ante las Naciones Unidas, Vasily Nebenzia. \u201cSi estos objetivos no se logran pac\u00edficamente y Ucrania se convierte en un pa\u00eds normal y de buena vecindad &hellip;<\/p>\n","protected":false},"author":34,"featured_media":265155,"comment_status":"closed","ping_status":"closed","sticky":false,"template":"","format":"standard","meta":{"footnotes":""},"categories":[597,456,20724,7541],"tags":[],"class_list":["post-265154","post","type-post","status-publish","format-standard","has-post-thumbnail","","category-cinta-de-noticias","category-arabe-internacional-politica","category-minuto-a-minuto","category-ultimas-noticias"],"_links":{"self":[{"href":"https:\/\/archive.sana.sy\/es\/index.php?rest_route=\/wp\/v2\/posts\/265154"}],"collection":[{"href":"https:\/\/archive.sana.sy\/es\/index.php?rest_route=\/wp\/v2\/posts"}],"about":[{"href":"https:\/\/archive.sana.sy\/es\/index.php?rest_route=\/wp\/v2\/types\/post"}],"author":[{"embeddable":true,"href":"https:\/\/archive.sana.sy\/es\/index.php?rest_route=\/wp\/v2\/users\/34"}],"replies":[{"embeddable":true,"href":"https:\/\/archive.sana.sy\/es\/index.php?rest_route=%2Fwp%2Fv2%2Fcomments&post=265154"}],"version-history":[{"count":0,"href":"https:\/\/archive.sana.sy\/es\/index.php?rest_route=\/wp\/v2\/posts\/265154\/revisions"}],"wp:featuredmedia":[{"embeddable":true,"href":"https:\/\/archive.sana.sy\/es\/index.php?rest_route=\/wp\/v2\/media\/265155"}],"wp:attachment":[{"href":"https:\/\/archive.sana.sy\/es\/index.php?rest_route=%2Fwp%2Fv2%2Fmedia&parent=265154"}],"wp:term":[{"taxonomy":"category","embeddable":true,"href":"https:\/\/archive.sana.sy\/es\/index.php?rest_route=%2Fwp%2Fv2%2Fcategories&post=265154"},{"taxonomy":"post_tag","embeddable":true,"href":"https:\/\/archive.sana.sy\/es\/index.php?rest_route=%2Fwp%2Fv2%2Ftags&post=265154"}],"curies":[{"name":"wp","href":"https:\/\/api.w.org\/{rel}","templated":true}]}}