{"id":265157,"date":"2022-12-07T04:44:01","date_gmt":"2022-12-07T02:44:01","guid":{"rendered":"http:\/\/107.6.182.27\/es\/?p=265157"},"modified":"2023-01-10T15:49:21","modified_gmt":"2023-01-10T13:49:21","slug":"vucic-la-posicion-serbia-de-rechazo-a-las-sanciones-contra-rusia-no-ha-cambiado","status":"publish","type":"post","link":"https:\/\/archive.sana.sy\/es\/?p=265157","title":{"rendered":"Vucic: la posici\u00f3n serbia de rechazo a las sanciones contra Rusia no ha cambiado"},"content":{"rendered":"<blockquote>\n<p style=\"text-align: justify;\"><span style=\"color: #993300;\">\u201cDurante la cumbre de la Uni\u00f3n Europea y los Balcanes Occidentales, el \u00fanico pa\u00eds que no estuvo de acuerdo con la pol\u00edtica de sanciones es la Rep\u00fablica de Serbia, y no podemos asumir la responsabilidad de esta declaraci\u00f3n porque no fuimos quienes la redactaron\u201d<\/span><\/p>\n<\/blockquote>\n<p style=\"text-align: justify;\"><span style=\"color: #800000;\"><strong>Belgrado, 7 dic (SANA)\u00a0\u00a0<\/strong><\/span> El presidente serbio, Aleksandar Vucic, dijo hoy que la declaraci\u00f3n emitida por la cumbre de la Uni\u00f3n Europea y los Balcanes Occidentales no cambiar\u00e1 la posici\u00f3n de Serbia que rechaza las sanciones contra Rusia.<\/p>\n<p style=\"text-align: justify;\">Despu\u00e9s de la reuni\u00f3n cumbre en la capital albanesa, Tirana, el mandatario serbio dijo que \u201cel \u00fanico pa\u00eds que no estuvo de acuerdo con la pol\u00edtica de sanciones es la Rep\u00fablica de Serbia, y no podemos asumir la responsabilidad de esta declaraci\u00f3n porque no fuimos quienes la redactaron\u201d<\/p>\n<p style=\"text-align: justify;\">Ante las cr\u00edticas dirigidas a su pa\u00eds por sus estrechas relaciones con Mosc\u00fa, Vucic dej\u00f3 claro que Serbia es un pa\u00eds independiente que aspira a ingresar en la Uni\u00f3n Europea.<\/p>\n<p style=\"text-align: justify;\">fm<\/p>\n","protected":false},"excerpt":{"rendered":"<p>\u201cDurante la cumbre de la Uni\u00f3n Europea y los Balcanes Occidentales, el \u00fanico pa\u00eds que no estuvo de acuerdo con la pol\u00edtica de sanciones es la Rep\u00fablica de Serbia, y no podemos asumir la responsabilidad de esta declaraci\u00f3n porque no fuimos quienes la redactaron\u201d Belgrado, 7 dic (SANA)\u00a0\u00a0 El presidente serbio, Aleksandar Vucic, dijo hoy &hellip;<\/p>\n","protected":false},"author":34,"featured_media":265158,"comment_status":"closed","ping_status":"closed","sticky":false,"template":"","format":"standard","meta":{"footnotes":""},"categories":[597,456,20724,7541],"tags":[],"class_list":["post-265157","post","type-post","status-publish","format-standard","has-post-thumbnail","","category-cinta-de-noticias","category-arabe-internacional-politica","category-minuto-a-minuto","category-ultimas-noticias"],"_links":{"self":[{"href":"https:\/\/archive.sana.sy\/es\/index.php?rest_route=\/wp\/v2\/posts\/265157"}],"collection":[{"href":"https:\/\/archive.sana.sy\/es\/index.php?rest_route=\/wp\/v2\/posts"}],"about":[{"href":"https:\/\/archive.sana.sy\/es\/index.php?rest_route=\/wp\/v2\/types\/post"}],"author":[{"embeddable":true,"href":"https:\/\/archive.sana.sy\/es\/index.php?rest_route=\/wp\/v2\/users\/34"}],"replies":[{"embeddable":true,"href":"https:\/\/archive.sana.sy\/es\/index.php?rest_route=%2Fwp%2Fv2%2Fcomments&post=265157"}],"version-history":[{"count":0,"href":"https:\/\/archive.sana.sy\/es\/index.php?rest_route=\/wp\/v2\/posts\/265157\/revisions"}],"wp:featuredmedia":[{"embeddable":true,"href":"https:\/\/archive.sana.sy\/es\/index.php?rest_route=\/wp\/v2\/media\/265158"}],"wp:attachment":[{"href":"https:\/\/archive.sana.sy\/es\/index.php?rest_route=%2Fwp%2Fv2%2Fmedia&parent=265157"}],"wp:term":[{"taxonomy":"category","embeddable":true,"href":"https:\/\/archive.sana.sy\/es\/index.php?rest_route=%2Fwp%2Fv2%2Fcategories&post=265157"},{"taxonomy":"post_tag","embeddable":true,"href":"https:\/\/archive.sana.sy\/es\/index.php?rest_route=%2Fwp%2Fv2%2Ftags&post=265157"}],"curies":[{"name":"wp","href":"https:\/\/api.w.org\/{rel}","templated":true}]}}