{"id":265160,"date":"2022-12-07T04:53:32","date_gmt":"2022-12-07T02:53:32","guid":{"rendered":"http:\/\/107.6.182.27\/es\/?p=265160"},"modified":"2023-01-10T15:49:21","modified_gmt":"2023-01-10T13:49:21","slug":"cinco-medallas-de-bronce-para-siria-en-el-campeonato-asiatico-de-fuerza-fisica","status":"publish","type":"post","link":"https:\/\/archive.sana.sy\/es\/?p=265160","title":{"rendered":"Cinco medallas de bronce para Siria en el Campeonato Asi\u00e1tico de Fuerza F\u00edsica"},"content":{"rendered":"<p style=\"text-align: justify;\"><span style=\"color: #800000;\"><strong>Abu Dabi, 7 dic (SANA)\u00a0<\/strong><\/span> La selecci\u00f3n siria de fuerza f\u00edsica logr\u00f3 cinco medallas de bronce en el Campeonato Asi\u00e1tico, que se disputa actualmente en Emiratos \u00c1rabes Unidos.<\/p>\n<p style=\"text-align: justify;\">Las medallas fueron conquistadas por los atletas Omar Gurra y Samer Al-Ali.<\/p>\n<p style=\"text-align: justify;\">El titular de la Uni\u00f3n de este Juego en Siria, \u200b\u200bZiad Muhammad, declar\u00f3 a SANA que la competencia fue fuerte y los atletas sirios pudieron superar a muchos de los campeones participantes.<\/p>\n<p style=\"text-align: justify;\">fm<\/p>\n","protected":false},"excerpt":{"rendered":"<p>Abu Dabi, 7 dic (SANA)\u00a0 La selecci\u00f3n siria de fuerza f\u00edsica logr\u00f3 cinco medallas de bronce en el Campeonato Asi\u00e1tico, que se disputa actualmente en Emiratos \u00c1rabes Unidos. Las medallas fueron conquistadas por los atletas Omar Gurra y Samer Al-Ali. El titular de la Uni\u00f3n de este Juego en Siria, \u200b\u200bZiad Muhammad, declar\u00f3 a SANA &hellip;<\/p>\n","protected":false},"author":34,"featured_media":265161,"comment_status":"closed","ping_status":"closed","sticky":false,"template":"","format":"standard","meta":{"footnotes":""},"categories":[597,494,456,20724,7541],"tags":[],"class_list":["post-265160","post","type-post","status-publish","format-standard","has-post-thumbnail","","category-cinta-de-noticias","category-deportes","category-arabe-internacional-politica","category-minuto-a-minuto","category-ultimas-noticias"],"_links":{"self":[{"href":"https:\/\/archive.sana.sy\/es\/index.php?rest_route=\/wp\/v2\/posts\/265160"}],"collection":[{"href":"https:\/\/archive.sana.sy\/es\/index.php?rest_route=\/wp\/v2\/posts"}],"about":[{"href":"https:\/\/archive.sana.sy\/es\/index.php?rest_route=\/wp\/v2\/types\/post"}],"author":[{"embeddable":true,"href":"https:\/\/archive.sana.sy\/es\/index.php?rest_route=\/wp\/v2\/users\/34"}],"replies":[{"embeddable":true,"href":"https:\/\/archive.sana.sy\/es\/index.php?rest_route=%2Fwp%2Fv2%2Fcomments&post=265160"}],"version-history":[{"count":0,"href":"https:\/\/archive.sana.sy\/es\/index.php?rest_route=\/wp\/v2\/posts\/265160\/revisions"}],"wp:featuredmedia":[{"embeddable":true,"href":"https:\/\/archive.sana.sy\/es\/index.php?rest_route=\/wp\/v2\/media\/265161"}],"wp:attachment":[{"href":"https:\/\/archive.sana.sy\/es\/index.php?rest_route=%2Fwp%2Fv2%2Fmedia&parent=265160"}],"wp:term":[{"taxonomy":"category","embeddable":true,"href":"https:\/\/archive.sana.sy\/es\/index.php?rest_route=%2Fwp%2Fv2%2Fcategories&post=265160"},{"taxonomy":"post_tag","embeddable":true,"href":"https:\/\/archive.sana.sy\/es\/index.php?rest_route=%2Fwp%2Fv2%2Ftags&post=265160"}],"curies":[{"name":"wp","href":"https:\/\/api.w.org\/{rel}","templated":true}]}}