{"id":265178,"date":"2022-12-07T13:33:41","date_gmt":"2022-12-07T11:33:41","guid":{"rendered":"http:\/\/107.6.182.27\/es\/?p=265178"},"modified":"2022-12-07T17:36:46","modified_gmt":"2022-12-07T15:36:46","slug":"el-canciller-sirio-recibe-al-enviado-especial-de-la-onu","status":"publish","type":"post","link":"https:\/\/archive.sana.sy\/es\/?p=265178","title":{"rendered":"Canciller sirio recibe al enviado especial de la ONU"},"content":{"rendered":"<p style=\"text-align: justify\"><span style=\"color: #800000\"><strong>Damasco, 07 dic (SANA)<\/strong> <\/span>El ministro de Asuntos Exteriores y Expatriados, Faisal al-Mekdad, recibi\u00f3 hoy al enviado especial del Secretario General de las Naciones Unidas para Siria, Geir Pedersen.<\/p>\n<p style=\"text-align: justify\">Las dos partes repasaron los \u00faltimos acontecimientos relacionados con la situaci\u00f3n en Siria y la regi\u00f3n.<\/p>\n<p style=\"text-align: justify\">Pedersen explic\u00f3 los resultados de sus giras y reuniones durante el \u00faltimo per\u00edodo, y las gestiones que lleva a cabo en el marco del mandato que le encomend\u00f3.<\/p>\n<p style=\"text-align: justify\">Por su parte, Mekdad explic\u00f3 los principales desaf\u00edos que enfrenta Siria, en particular los efectos negativos que deja el terrorismo y las medidas coercitivas unilaterales sobre la econom\u00eda siria y la vida de los sirios.<\/p>\n<p style=\"text-align: justify\">Denunci\u00f3 la presencia ilegal estadounidense y turca en el territorio sirio y la calific\u00f3 de una flagrante violaci\u00f3n de la soberan\u00eda siria y del derecho internacional.<\/p>\n<p><img loading=\"lazy\" decoding=\"async\" class=\"size-medium wp-image-265235 alignleft\" src=\"http:\/\/107.6.182.27\/es\/wp-content\/uploads\/2022\/12\/Pedersen-300x204.jpg\" alt=\"\" width=\"300\" height=\"204\" srcset=\"https:\/\/archive.sana.sy\/es\/wp-content\/uploads\/2022\/12\/Pedersen-300x204.jpg 300w, https:\/\/archive.sana.sy\/es\/wp-content\/uploads\/2022\/12\/Pedersen-150x102.jpg 150w, https:\/\/archive.sana.sy\/es\/wp-content\/uploads\/2022\/12\/Pedersen-110x75.jpg 110w, https:\/\/archive.sana.sy\/es\/wp-content\/uploads\/2022\/12\/Pedersen.jpg 660w\" sizes=\"(max-width: 300px) 100vw, 300px\" \/><\/p>\n<p>En declaraciones a la prensa, Pedersen se\u00f1al\u00f3 que su visita a Siria es una continuaci\u00f3n de sus profundos e incesantes debates con el Gobierno sirio.<\/p>\n<p>\u201cNo hay sanciones aplicadas por las Naciones Unidas contra Siria, hay sanciones estadounidenses y europeas, y este tema se discute de forma regular con el gobierno sirio y otros\u201d, destac\u00f3.<\/p>\n<p style=\"text-align: justify\">fm\/ed\/la<\/p>\n<p style=\"text-align: justify\">\n","protected":false},"excerpt":{"rendered":"<p>Damasco, 07 dic (SANA) El ministro de Asuntos Exteriores y Expatriados, Faisal al-Mekdad, recibi\u00f3 hoy al enviado especial del Secretario General de las Naciones Unidas para Siria, Geir Pedersen. Las dos partes repasaron los \u00faltimos acontecimientos relacionados con la situaci\u00f3n en Siria y la regi\u00f3n. Pedersen explic\u00f3 los resultados de sus giras y reuniones durante &hellip;<\/p>\n","protected":false},"author":32,"featured_media":265213,"comment_status":"closed","ping_status":"closed","sticky":false,"template":"","format":"standard","meta":{"footnotes":""},"categories":[477,597,20724,476,583],"tags":[21106,8799],"class_list":["post-265178","post","type-post","status-publish","format-standard","has-post-thumbnail","","category-noticias-edulcorantes","category-cinta-de-noticias","category-minuto-a-minuto","category-locales","category-slide","tag-al-mekdad","tag-onu"],"_links":{"self":[{"href":"https:\/\/archive.sana.sy\/es\/index.php?rest_route=\/wp\/v2\/posts\/265178"}],"collection":[{"href":"https:\/\/archive.sana.sy\/es\/index.php?rest_route=\/wp\/v2\/posts"}],"about":[{"href":"https:\/\/archive.sana.sy\/es\/index.php?rest_route=\/wp\/v2\/types\/post"}],"author":[{"embeddable":true,"href":"https:\/\/archive.sana.sy\/es\/index.php?rest_route=\/wp\/v2\/users\/32"}],"replies":[{"embeddable":true,"href":"https:\/\/archive.sana.sy\/es\/index.php?rest_route=%2Fwp%2Fv2%2Fcomments&post=265178"}],"version-history":[{"count":0,"href":"https:\/\/archive.sana.sy\/es\/index.php?rest_route=\/wp\/v2\/posts\/265178\/revisions"}],"wp:featuredmedia":[{"embeddable":true,"href":"https:\/\/archive.sana.sy\/es\/index.php?rest_route=\/wp\/v2\/media\/265213"}],"wp:attachment":[{"href":"https:\/\/archive.sana.sy\/es\/index.php?rest_route=%2Fwp%2Fv2%2Fmedia&parent=265178"}],"wp:term":[{"taxonomy":"category","embeddable":true,"href":"https:\/\/archive.sana.sy\/es\/index.php?rest_route=%2Fwp%2Fv2%2Fcategories&post=265178"},{"taxonomy":"post_tag","embeddable":true,"href":"https:\/\/archive.sana.sy\/es\/index.php?rest_route=%2Fwp%2Fv2%2Ftags&post=265178"}],"curies":[{"name":"wp","href":"https:\/\/api.w.org\/{rel}","templated":true}]}}