{"id":265179,"date":"2022-12-07T10:27:59","date_gmt":"2022-12-07T08:27:59","guid":{"rendered":"http:\/\/107.6.182.27\/es\/?p=265179"},"modified":"2023-01-10T15:49:20","modified_gmt":"2023-01-10T13:49:20","slug":"mueren-cuatro-civiles-por-bombardeos-ucranianos-contra-donetsk","status":"publish","type":"post","link":"https:\/\/archive.sana.sy\/es\/?p=265179","title":{"rendered":"Mueren cuatro civiles por bombardeos ucranianos contra Donetsk"},"content":{"rendered":"<p><span style=\"color: #800000;\"><strong>Donetsk, 07 dic (SANA)\u00a0 <\/strong><\/span>El cuartel general de Defensa Regional de la Rep\u00fablica Popular de Donetsk anunci\u00f3 hoy la muerte de cuatro civiles por bombardeos de las fuerzas del r\u00e9gimen ucraniano contra la Rep\u00fablica, durante las \u00faltimas 24 horas.<\/p>\n<p>\u201cEl bombardeo ucraniano provoc\u00f3 la muerte de cuatro personas y lesiones a otras 14\u201d, inform\u00f3 la cadena de noticias Russia Today citando al referido Cuartel.<\/p>\n<p>Las fuerzas ucranianas siguen atacando las zonas residenciales de Donetsk, causando numerosas bajas civiles y p\u00e9rdidas materiales.<\/p>\n<p>fm\/as<\/p>\n","protected":false},"excerpt":{"rendered":"<p>Donetsk, 07 dic (SANA)\u00a0 El cuartel general de Defensa Regional de la Rep\u00fablica Popular de Donetsk anunci\u00f3 hoy la muerte de cuatro civiles por bombardeos de las fuerzas del r\u00e9gimen ucraniano contra la Rep\u00fablica, durante las \u00faltimas 24 horas. \u201cEl bombardeo ucraniano provoc\u00f3 la muerte de cuatro personas y lesiones a otras 14\u201d, inform\u00f3 la &hellip;<\/p>\n","protected":false},"author":42,"featured_media":265180,"comment_status":"closed","ping_status":"closed","sticky":false,"template":"","format":"standard","meta":{"footnotes":""},"categories":[597,456,20724,7541],"tags":[],"class_list":["post-265179","post","type-post","status-publish","format-standard","has-post-thumbnail","","category-cinta-de-noticias","category-arabe-internacional-politica","category-minuto-a-minuto","category-ultimas-noticias"],"_links":{"self":[{"href":"https:\/\/archive.sana.sy\/es\/index.php?rest_route=\/wp\/v2\/posts\/265179"}],"collection":[{"href":"https:\/\/archive.sana.sy\/es\/index.php?rest_route=\/wp\/v2\/posts"}],"about":[{"href":"https:\/\/archive.sana.sy\/es\/index.php?rest_route=\/wp\/v2\/types\/post"}],"author":[{"embeddable":true,"href":"https:\/\/archive.sana.sy\/es\/index.php?rest_route=\/wp\/v2\/users\/42"}],"replies":[{"embeddable":true,"href":"https:\/\/archive.sana.sy\/es\/index.php?rest_route=%2Fwp%2Fv2%2Fcomments&post=265179"}],"version-history":[{"count":0,"href":"https:\/\/archive.sana.sy\/es\/index.php?rest_route=\/wp\/v2\/posts\/265179\/revisions"}],"wp:featuredmedia":[{"embeddable":true,"href":"https:\/\/archive.sana.sy\/es\/index.php?rest_route=\/wp\/v2\/media\/265180"}],"wp:attachment":[{"href":"https:\/\/archive.sana.sy\/es\/index.php?rest_route=%2Fwp%2Fv2%2Fmedia&parent=265179"}],"wp:term":[{"taxonomy":"category","embeddable":true,"href":"https:\/\/archive.sana.sy\/es\/index.php?rest_route=%2Fwp%2Fv2%2Fcategories&post=265179"},{"taxonomy":"post_tag","embeddable":true,"href":"https:\/\/archive.sana.sy\/es\/index.php?rest_route=%2Fwp%2Fv2%2Ftags&post=265179"}],"curies":[{"name":"wp","href":"https:\/\/api.w.org\/{rel}","templated":true}]}}