{"id":265192,"date":"2022-12-07T12:06:48","date_gmt":"2022-12-07T10:06:48","guid":{"rendered":"http:\/\/107.6.182.27\/es\/?p=265192"},"modified":"2023-01-10T15:49:20","modified_gmt":"2023-01-10T13:49:20","slug":"militares-israelies-detienen-arbitrariamente-a-13-palestinos-en-cisjordania","status":"publish","type":"post","link":"https:\/\/archive.sana.sy\/es\/?p=265192","title":{"rendered":"Militares israel\u00edes detienen arbitrariamente a 13 palestinos en Cisjordania"},"content":{"rendered":"<blockquote>\n<p style=\"text-align: justify;\"><strong>\u00a0Seg\u00fan informaron medios palestinos, las tropas sionistas irrumpieron en la Ciudad Vieja de Naplusa en medio de intensos disparos, e hirieron a tres palestinos.<\/strong><\/p>\n<\/blockquote>\n<p style=\"text-align: justify;\"><span style=\"color: #800000;\"><strong>Jerusal\u00e9n ocupada, 07 dic (SANA)\u00a0<\/strong><\/span> \u00a0Tres palestinos resultaron heridos y otros 13 fueron arrestados durante una redada de las fuerzas de ocupaci\u00f3n israel\u00edes en diversas \u00e1reas de Cisjordania.<\/p>\n<p style=\"text-align: justify;\">Seg\u00fan informaron medios palestinos, las tropas sionistas irrumpieron en la Ciudad Vieja de Naplusa en medio de intensos disparos, e hirieron a tres palestinos.<\/p>\n<p style=\"text-align: justify;\">Asimismo, los soldados israel\u00edes asaltaron varias localiddaes en Hebr\u00f3n, Naplusa y Jersal\u00e9n ocupada, donde tuvieroin a 13 palestinos.<\/p>\n<p style=\"text-align: justify;\">En la vispera, las fuerzas de ocupaci\u00f3n arrestaron a 11 palestinos en Cisjordania.<\/p>\n<p style=\"text-align: justify;\">ed\/fm<\/p>\n","protected":false},"excerpt":{"rendered":"<p>\u00a0Seg\u00fan informaron medios palestinos, las tropas sionistas irrumpieron en la Ciudad Vieja de Naplusa en medio de intensos disparos, e hirieron a tres palestinos. Jerusal\u00e9n ocupada, 07 dic (SANA)\u00a0 \u00a0Tres palestinos resultaron heridos y otros 13 fueron arrestados durante una redada de las fuerzas de ocupaci\u00f3n israel\u00edes en diversas \u00e1reas de Cisjordania. Seg\u00fan informaron medios &hellip;<\/p>\n","protected":false},"author":32,"featured_media":265193,"comment_status":"closed","ping_status":"closed","sticky":false,"template":"","format":"standard","meta":{"footnotes":""},"categories":[597,456,20724,7541],"tags":[10660],"class_list":["post-265192","post","type-post","status-publish","format-standard","has-post-thumbnail","","category-cinta-de-noticias","category-arabe-internacional-politica","category-minuto-a-minuto","category-ultimas-noticias","tag-jerusalen-ocupada"],"_links":{"self":[{"href":"https:\/\/archive.sana.sy\/es\/index.php?rest_route=\/wp\/v2\/posts\/265192"}],"collection":[{"href":"https:\/\/archive.sana.sy\/es\/index.php?rest_route=\/wp\/v2\/posts"}],"about":[{"href":"https:\/\/archive.sana.sy\/es\/index.php?rest_route=\/wp\/v2\/types\/post"}],"author":[{"embeddable":true,"href":"https:\/\/archive.sana.sy\/es\/index.php?rest_route=\/wp\/v2\/users\/32"}],"replies":[{"embeddable":true,"href":"https:\/\/archive.sana.sy\/es\/index.php?rest_route=%2Fwp%2Fv2%2Fcomments&post=265192"}],"version-history":[{"count":0,"href":"https:\/\/archive.sana.sy\/es\/index.php?rest_route=\/wp\/v2\/posts\/265192\/revisions"}],"wp:featuredmedia":[{"embeddable":true,"href":"https:\/\/archive.sana.sy\/es\/index.php?rest_route=\/wp\/v2\/media\/265193"}],"wp:attachment":[{"href":"https:\/\/archive.sana.sy\/es\/index.php?rest_route=%2Fwp%2Fv2%2Fmedia&parent=265192"}],"wp:term":[{"taxonomy":"category","embeddable":true,"href":"https:\/\/archive.sana.sy\/es\/index.php?rest_route=%2Fwp%2Fv2%2Fcategories&post=265192"},{"taxonomy":"post_tag","embeddable":true,"href":"https:\/\/archive.sana.sy\/es\/index.php?rest_route=%2Fwp%2Fv2%2Ftags&post=265192"}],"curies":[{"name":"wp","href":"https:\/\/api.w.org\/{rel}","templated":true}]}}