{"id":265195,"date":"2022-12-07T12:10:42","date_gmt":"2022-12-07T10:10:42","guid":{"rendered":"http:\/\/107.6.182.27\/es\/?p=265195"},"modified":"2023-01-10T15:49:20","modified_gmt":"2023-01-10T13:49:20","slug":"tras-las-masivas-protestas-italia-suspende-suministro-armas-a-kiev","status":"publish","type":"post","link":"https:\/\/archive.sana.sy\/es\/?p=265195","title":{"rendered":"Tras las masivas protestas, Italia suspende suministro armas a Kiev"},"content":{"rendered":"<blockquote>\n<p style=\"text-align: justify;\"><strong>\u00a0\u201cConfirmo que hasta fin de a\u00f1o no habr\u00e1 un nuevo decreto sobre suministros militares a Kiev, y veremos qu\u00e9 decisi\u00f3n tomar\u00e1 el gobierno con respecto a la futura ayuda a Ucrania y qu\u00e9 llevar\u00e1\u201d<\/strong><\/p>\n<\/blockquote>\n<p style=\"text-align: justify;\"><span style=\"color: #800000;\"><strong>Roma, 07dic (SANA)\u00a0<\/strong> <\/span>El ministro de Defensa italiano, Guido Crosetto, anunci\u00f3 que el gobierno de su pa\u00eds no entregar\u00e1 nueva ayuda militar a Kiev hasta finales de a\u00f1o.<\/p>\n<p style=\"text-align: justify;\">Est adecisi\u00f3n fue tomnada despu\u00e9s de que miles de personas se manifestaran hace varios d\u00edas en el centro de la capital italiana, Roma, para protestar por el suministro de armas al r\u00e9gimen ucraniano.<\/p>\n<p style=\"text-align: justify;\">\u201cConfirmo que hasta fin de a\u00f1o no habr\u00e1 un nuevo decreto sobre suministros militares a Kiev, y veremos qu\u00e9 decisi\u00f3n tomar\u00e1 el gobierno con respecto a la futura ayuda a Ucrania y qu\u00e9 llevar\u00e1\u201d, divulg\u00f3 la agencia de noticias TASS citando a Crosetto.<\/p>\n<p style=\"text-align: justify;\">Agreg\u00f3 que las principales solicitudes de Kiev recientemente est\u00e1n relacionadas principalmente con los problemas de escasez de energ\u00eda y generadores.<\/p>\n<p style=\"text-align: justify;\">El pasado domingo, miles de personas se manifestaron en Roma para protestar contra el suministro de armas al r\u00e9gimen ucraniano y pedir la abolici\u00f3n de las sanciones occidentales contra Rusia.<\/p>\n<p style=\"text-align: justify;\">\n<p style=\"text-align: justify;\">ed\/fm<\/p>\n","protected":false},"excerpt":{"rendered":"<p>\u00a0\u201cConfirmo que hasta fin de a\u00f1o no habr\u00e1 un nuevo decreto sobre suministros militares a Kiev, y veremos qu\u00e9 decisi\u00f3n tomar\u00e1 el gobierno con respecto a la futura ayuda a Ucrania y qu\u00e9 llevar\u00e1\u201d Roma, 07dic (SANA)\u00a0 El ministro de Defensa italiano, Guido Crosetto, anunci\u00f3 que el gobierno de su pa\u00eds no entregar\u00e1 nueva ayuda &hellip;<\/p>\n","protected":false},"author":32,"featured_media":265196,"comment_status":"closed","ping_status":"closed","sticky":false,"template":"","format":"standard","meta":{"footnotes":""},"categories":[597,456,20724,7541],"tags":[],"class_list":["post-265195","post","type-post","status-publish","format-standard","has-post-thumbnail","","category-cinta-de-noticias","category-arabe-internacional-politica","category-minuto-a-minuto","category-ultimas-noticias"],"_links":{"self":[{"href":"https:\/\/archive.sana.sy\/es\/index.php?rest_route=\/wp\/v2\/posts\/265195"}],"collection":[{"href":"https:\/\/archive.sana.sy\/es\/index.php?rest_route=\/wp\/v2\/posts"}],"about":[{"href":"https:\/\/archive.sana.sy\/es\/index.php?rest_route=\/wp\/v2\/types\/post"}],"author":[{"embeddable":true,"href":"https:\/\/archive.sana.sy\/es\/index.php?rest_route=\/wp\/v2\/users\/32"}],"replies":[{"embeddable":true,"href":"https:\/\/archive.sana.sy\/es\/index.php?rest_route=%2Fwp%2Fv2%2Fcomments&post=265195"}],"version-history":[{"count":0,"href":"https:\/\/archive.sana.sy\/es\/index.php?rest_route=\/wp\/v2\/posts\/265195\/revisions"}],"wp:featuredmedia":[{"embeddable":true,"href":"https:\/\/archive.sana.sy\/es\/index.php?rest_route=\/wp\/v2\/media\/265196"}],"wp:attachment":[{"href":"https:\/\/archive.sana.sy\/es\/index.php?rest_route=%2Fwp%2Fv2%2Fmedia&parent=265195"}],"wp:term":[{"taxonomy":"category","embeddable":true,"href":"https:\/\/archive.sana.sy\/es\/index.php?rest_route=%2Fwp%2Fv2%2Fcategories&post=265195"},{"taxonomy":"post_tag","embeddable":true,"href":"https:\/\/archive.sana.sy\/es\/index.php?rest_route=%2Fwp%2Fv2%2Ftags&post=265195"}],"curies":[{"name":"wp","href":"https:\/\/api.w.org\/{rel}","templated":true}]}}