{"id":265202,"date":"2022-12-07T12:34:30","date_gmt":"2022-12-07T10:34:30","guid":{"rendered":"http:\/\/107.6.182.27\/es\/?p=265202"},"modified":"2023-01-10T15:49:19","modified_gmt":"2023-01-10T13:49:19","slug":"lavrov-el-mundo-va-hacia-la-multiipolaridad-y-occidente-se-muestra-determinado-en-mantener-su-hegemonia","status":"publish","type":"post","link":"https:\/\/archive.sana.sy\/es\/?p=265202","title":{"rendered":"Lavrov: El mundo va hacia la multiipolaridad y Occidente se muestra determinado en mantener su hegemonia"},"content":{"rendered":"<blockquote><p><em><span style=\"color: #000000;\"><strong>La OTAN no s\u00f3lo reclama el dominio en Europa, sino tambi\u00e9n en la regi\u00f3n del Indo-Pac\u00edfico para tratar de poner a la India en contra de China, precis\u00f3\u00a0<\/strong><\/span><\/em><\/p><\/blockquote>\n<p><span style=\"color: #800000;\"><strong>Mosc\u00fa, 7 nov (SANA)<\/strong><\/span> El ministro de Asuntos Exteriores de Rusia, Sergu\u00e9i Lavrov, denunci\u00f3 hoy que Occidente est\u00e1 tratando de desestabilizar los mercados de energ\u00eda y alimentos, y controlar los recursos naturales de los pa\u00edses para consolidar su hegemon\u00eda.<br \/>\nDurante su intervenci\u00f3n en el foro &#8216;Lecturas de Primakov&#8217;, Lavrov dijo que &#8220;el mundo est\u00e1 cambiando y va hacia la multipolaridad&#8221;; y que al ver que el equilibrio de poder en la escena mundial sigue cambiando y no a su favor, el Occidente colectivo, liderado por EE.UU., se muestra muy determinado en mantener su posici\u00f3n dominante.<\/p>\n<p>&#8220;Establecer un mundo multipolar como marco universalmente aceptado para el trabajo futuro de la comunidad internacional es un largo periodo hist\u00f3rico&#8221;, reconoci\u00f3.<\/p>\n<p>Agreg\u00f3 que la OTAN no ha logrado sus objetivos, y su pol\u00edtica hostil no est\u00e1 dirigida solo contra Rusia sino tambi\u00e9n contra otros pa\u00edses.<\/p>\n<p>La Alianza no s\u00f3lo reclama el dominio en Europa, sino tambi\u00e9n en la regi\u00f3n del Indo-Pac\u00edfico para tratar de poner a la India en contra de China, precis\u00f3.<\/p>\n<p>Por otro lado, Lavrov denunci\u00f3 que Occidente hizo un trato con los nazis ucranianos para erradicar todo lo ruso.<br \/>\nDe acuerdo con el Canciller, Siria es v\u00edctima de la llamada &#8220;Primavera \u00c1rabe&#8221;, y Estados Unidos y Europa jugaron un papel importante en eso.<\/p>\n<p>&#8220;Los terroristas se sienten seguros en las \u00e1reas controladas ilegalmente por Estados Unidos en Siria, denunci\u00f3 el diplom\u00e1tico, y a\u00f1adi\u00f3 que MOsc\u00fa continuar\u00e1 sus esfuerzos para preservar la soberan\u00eda, la unidad y la independencia de los territorios sirios y evitar la implementaci\u00f3n de cualquier agenda separatista&#8221;, manifest\u00f3.<\/p>\n<p>Por otro lado, asever\u00f3 que el BRICS podr\u00eda convertirse en un grupo que aglutine a entre 15-17 estados si se aceptara a todos que desean unirse al bloque econ\u00f3mico-comercial.<\/p>\n<p>&#8220;Hay toda una cola de Estados que reclaman la plena adhesi\u00f3n. De ser aceptadas todas las solicitudes, los cinco Brasil, Rusia, la India, China, Sud\u00e1frica se convertir\u00e1n en entre 15 y 17 pa\u00edses, como se demostr\u00f3 en la cumbre del BRICS en junio&#8221;, afirm\u00f3 el canciller.<\/p>\n<p>fm\/as<\/p>\n","protected":false},"excerpt":{"rendered":"<p>La OTAN no s\u00f3lo reclama el dominio en Europa, sino tambi\u00e9n en la regi\u00f3n del Indo-Pac\u00edfico para tratar de poner a la India en contra de China, precis\u00f3\u00a0 Mosc\u00fa, 7 nov (SANA) El ministro de Asuntos Exteriores de Rusia, Sergu\u00e9i Lavrov, denunci\u00f3 hoy que Occidente est\u00e1 tratando de desestabilizar los mercados de energ\u00eda y alimentos, &hellip;<\/p>\n","protected":false},"author":42,"featured_media":265203,"comment_status":"closed","ping_status":"closed","sticky":false,"template":"","format":"standard","meta":{"footnotes":""},"categories":[597,456,20724],"tags":[],"class_list":["post-265202","post","type-post","status-publish","format-standard","has-post-thumbnail","","category-cinta-de-noticias","category-arabe-internacional-politica","category-minuto-a-minuto"],"_links":{"self":[{"href":"https:\/\/archive.sana.sy\/es\/index.php?rest_route=\/wp\/v2\/posts\/265202"}],"collection":[{"href":"https:\/\/archive.sana.sy\/es\/index.php?rest_route=\/wp\/v2\/posts"}],"about":[{"href":"https:\/\/archive.sana.sy\/es\/index.php?rest_route=\/wp\/v2\/types\/post"}],"author":[{"embeddable":true,"href":"https:\/\/archive.sana.sy\/es\/index.php?rest_route=\/wp\/v2\/users\/42"}],"replies":[{"embeddable":true,"href":"https:\/\/archive.sana.sy\/es\/index.php?rest_route=%2Fwp%2Fv2%2Fcomments&post=265202"}],"version-history":[{"count":0,"href":"https:\/\/archive.sana.sy\/es\/index.php?rest_route=\/wp\/v2\/posts\/265202\/revisions"}],"wp:featuredmedia":[{"embeddable":true,"href":"https:\/\/archive.sana.sy\/es\/index.php?rest_route=\/wp\/v2\/media\/265203"}],"wp:attachment":[{"href":"https:\/\/archive.sana.sy\/es\/index.php?rest_route=%2Fwp%2Fv2%2Fmedia&parent=265202"}],"wp:term":[{"taxonomy":"category","embeddable":true,"href":"https:\/\/archive.sana.sy\/es\/index.php?rest_route=%2Fwp%2Fv2%2Fcategories&post=265202"},{"taxonomy":"post_tag","embeddable":true,"href":"https:\/\/archive.sana.sy\/es\/index.php?rest_route=%2Fwp%2Fv2%2Ftags&post=265202"}],"curies":[{"name":"wp","href":"https:\/\/api.w.org\/{rel}","templated":true}]}}