{"id":265224,"date":"2022-12-06T20:05:50","date_gmt":"2022-12-06T18:05:50","guid":{"rendered":"http:\/\/107.6.182.27\/es\/?p=265224"},"modified":"2023-01-10T14:02:18","modified_gmt":"2023-01-10T12:02:18","slug":"lanzan-campana-no-al-acoso-escolar-en-escuelas-inclusivas-con-motivo-del-dia-internacional-de-personas-con-discapacidad","status":"publish","type":"post","link":"https:\/\/archive.sana.sy\/es\/?p=265224","title":{"rendered":"\u201cNo al Acoso Escolar\u201d una campa\u00f1a en escuelas inclusivas con motivo del D\u00eda Internacional de Personas con Discapacidad"},"content":{"rendered":"<p style=\"text-align: justify;\"><span style=\"color: #800000;\"><strong>Damasco, 07 dic (SANA)<\/strong> <\/span>Con motivo del D\u00eda Internacional de las Personas con Discapacidad, la Fundaci\u00f3n Siria de Olimpiadas Especiales, en cooperaci\u00f3n con los Ministerios de Educaci\u00f3n y Justicia, lanz\u00f3 hoy la campa\u00f1a nacional (No al Acoso Escolar), que durar\u00e1 hasta el 31 del mes en curso.<\/p>\n<p style=\"text-align: justify;\">La jornada est\u00e1 destinada a personas con discapacidad en escuelas inclusivas e incluye la realizaci\u00f3n de actividades deportivas inclusivas y sesiones educativas de sensibilizaci\u00f3n sobre el fen\u00f3meno del <em>Bullying<\/em> y la necesidad de adaptar los planes de estudio a favor de estos alumnos.<\/p>\n<p style=\"text-align: justify;\">El Ministro de Educaci\u00f3n, Dr. Darem Tabaa, se\u00f1al\u00f3 la importancia de la cooperaci\u00f3n con la Fundaci\u00f3n Ol\u00edmpica en secundar la integraci\u00f3n de las personas con discapacidad en las escuelas regulares.<\/p>\n<p style=\"text-align: justify;\">Explic\u00f3 que la campa\u00f1a se basa en dos actividades relevantes; la primera est\u00e1 directamente relacionada con las personas con discapacidad, y la otra est\u00e1 dirigida a los ni\u00f1os en las mismas escuelas para examinar su reacci\u00f3n hacia los alumnos discapacitados\u00a0 con el fin de reducir los casos de acoso escolar.<\/p>\n<p style=\"text-align: justify;\">Hizo alusi\u00f3n a la amplia experiencia del Ministerio en este campo que cubri\u00f3 200 o 300 escuelas en todo el territorio sirio.<\/p>\n<div id='gallery-1' class='gallery galleryid-265224 gallery-columns-1 gallery-size-full'><figure class='gallery-item'>\n\t\t\t<div class='gallery-icon landscape'>\n\t\t\t\t<a href='https:\/\/archive.sana.sy\/es\/wp-content\/uploads\/2022\/12\/actividad-escuela-inclusiva-1.jpg'><img loading=\"lazy\" decoding=\"async\" width=\"660\" height=\"423\" src=\"https:\/\/archive.sana.sy\/es\/wp-content\/uploads\/2022\/12\/actividad-escuela-inclusiva-1.jpg\" class=\"attachment-full size-full\" alt=\"\" srcset=\"https:\/\/archive.sana.sy\/es\/wp-content\/uploads\/2022\/12\/actividad-escuela-inclusiva-1.jpg 660w, https:\/\/archive.sana.sy\/es\/wp-content\/uploads\/2022\/12\/actividad-escuela-inclusiva-1-300x192.jpg 300w, https:\/\/archive.sana.sy\/es\/wp-content\/uploads\/2022\/12\/actividad-escuela-inclusiva-1-150x96.jpg 150w\" sizes=\"(max-width: 660px) 100vw, 660px\" \/><\/a>\n\t\t\t<\/div><\/figure><figure class='gallery-item'>\n\t\t\t<div class='gallery-icon landscape'>\n\t\t\t\t<a href='https:\/\/archive.sana.sy\/es\/wp-content\/uploads\/2022\/12\/actividad-escuela-inclusiva-2.jpg'><img loading=\"lazy\" decoding=\"async\" width=\"660\" height=\"428\" src=\"https:\/\/archive.sana.sy\/es\/wp-content\/uploads\/2022\/12\/actividad-escuela-inclusiva-2.jpg\" class=\"attachment-full size-full\" alt=\"\" srcset=\"https:\/\/archive.sana.sy\/es\/wp-content\/uploads\/2022\/12\/actividad-escuela-inclusiva-2.jpg 660w, https:\/\/archive.sana.sy\/es\/wp-content\/uploads\/2022\/12\/actividad-escuela-inclusiva-2-300x195.jpg 300w, https:\/\/archive.sana.sy\/es\/wp-content\/uploads\/2022\/12\/actividad-escuela-inclusiva-2-150x97.jpg 150w\" sizes=\"(max-width: 660px) 100vw, 660px\" \/><\/a>\n\t\t\t<\/div><\/figure><figure class='gallery-item'>\n\t\t\t<div class='gallery-icon landscape'>\n\t\t\t\t<a href='https:\/\/archive.sana.sy\/es\/wp-content\/uploads\/2022\/12\/actividad-escuela-inclusiva-3.jpg'><img loading=\"lazy\" decoding=\"async\" width=\"660\" height=\"439\" src=\"https:\/\/archive.sana.sy\/es\/wp-content\/uploads\/2022\/12\/actividad-escuela-inclusiva-3.jpg\" class=\"attachment-full size-full\" alt=\"\" srcset=\"https:\/\/archive.sana.sy\/es\/wp-content\/uploads\/2022\/12\/actividad-escuela-inclusiva-3.jpg 660w, https:\/\/archive.sana.sy\/es\/wp-content\/uploads\/2022\/12\/actividad-escuela-inclusiva-3-300x200.jpg 300w, https:\/\/archive.sana.sy\/es\/wp-content\/uploads\/2022\/12\/actividad-escuela-inclusiva-3-150x100.jpg 150w, https:\/\/archive.sana.sy\/es\/wp-content\/uploads\/2022\/12\/actividad-escuela-inclusiva-3-310x205.jpg 310w\" sizes=\"(max-width: 660px) 100vw, 660px\" \/><\/a>\n\t\t\t<\/div><\/figure>\n\t\t<\/div>\n\n<p>&nbsp;<\/p>\n<p style=\"text-align: justify;\">la<\/p>\n<p style=\"text-align: justify;\">\n","protected":false},"excerpt":{"rendered":"<p>Damasco, 07 dic (SANA) Con motivo del D\u00eda Internacional de las Personas con Discapacidad, la Fundaci\u00f3n Siria de Olimpiadas Especiales, en cooperaci\u00f3n con los Ministerios de Educaci\u00f3n y Justicia, lanz\u00f3 hoy la campa\u00f1a nacional (No al Acoso Escolar), que durar\u00e1 hasta el 31 del mes en curso. La jornada est\u00e1 destinada a personas con discapacidad &hellip;<\/p>\n","protected":false},"author":24,"featured_media":265225,"comment_status":"closed","ping_status":"closed","sticky":false,"template":"","format":"standard","meta":{"footnotes":""},"categories":[447,597,476,583],"tags":[],"class_list":["post-265224","post","type-post","status-publish","format-standard","has-post-thumbnail","","category-local-politica","category-cinta-de-noticias","category-locales","category-slide"],"_links":{"self":[{"href":"https:\/\/archive.sana.sy\/es\/index.php?rest_route=\/wp\/v2\/posts\/265224"}],"collection":[{"href":"https:\/\/archive.sana.sy\/es\/index.php?rest_route=\/wp\/v2\/posts"}],"about":[{"href":"https:\/\/archive.sana.sy\/es\/index.php?rest_route=\/wp\/v2\/types\/post"}],"author":[{"embeddable":true,"href":"https:\/\/archive.sana.sy\/es\/index.php?rest_route=\/wp\/v2\/users\/24"}],"replies":[{"embeddable":true,"href":"https:\/\/archive.sana.sy\/es\/index.php?rest_route=%2Fwp%2Fv2%2Fcomments&post=265224"}],"version-history":[{"count":0,"href":"https:\/\/archive.sana.sy\/es\/index.php?rest_route=\/wp\/v2\/posts\/265224\/revisions"}],"wp:featuredmedia":[{"embeddable":true,"href":"https:\/\/archive.sana.sy\/es\/index.php?rest_route=\/wp\/v2\/media\/265225"}],"wp:attachment":[{"href":"https:\/\/archive.sana.sy\/es\/index.php?rest_route=%2Fwp%2Fv2%2Fmedia&parent=265224"}],"wp:term":[{"taxonomy":"category","embeddable":true,"href":"https:\/\/archive.sana.sy\/es\/index.php?rest_route=%2Fwp%2Fv2%2Fcategories&post=265224"},{"taxonomy":"post_tag","embeddable":true,"href":"https:\/\/archive.sana.sy\/es\/index.php?rest_route=%2Fwp%2Fv2%2Ftags&post=265224"}],"curies":[{"name":"wp","href":"https:\/\/api.w.org\/{rel}","templated":true}]}}