{"id":265246,"date":"2022-12-07T14:20:19","date_gmt":"2022-12-07T12:20:19","guid":{"rendered":"http:\/\/107.6.182.27\/es\/?p=265246"},"modified":"2023-01-10T15:37:39","modified_gmt":"2023-01-10T13:37:39","slug":"en-fotos-conozca-la-fabrica-de-alfombras-de-damasco","status":"publish","type":"post","link":"https:\/\/archive.sana.sy\/es\/?p=265246","title":{"rendered":"En fotos: Conozca la F\u00e1brica de Alfombras de Damasco"},"content":{"rendered":"<p style=\"text-align: justify\"><span style=\"color: #800000\"><strong>Damasco, 07 dic (SANA)<\/strong> <\/span>La F\u00e1brica de Alfombras de Damasco fue establecida en 1959, y sigui\u00f3 funcionando durante m\u00e1s de 60 a\u00f1os sin interrupci\u00f3n hasta 2012, fecha del comienzo de la guerra terrorista contra Siria.<\/p>\n<p style=\"text-align: justify\">Su trabajo se detuvo por dos a\u00f1os como resultado de la destrucci\u00f3n, el saqueo y robo de sus bienes y m\u00e1quinas por los grupos terroristas. Volvi\u00f3 a producir de forma parcial despu\u00e9s de limpiar la zona donde se ubica de los terroristas.<\/p>\n<p style=\"text-align: justify\">Cabe destacar que Siria dispone de solo dos f\u00e1bricas de alfombras de lana son la F\u00e1brica de Damasco y la de Swaida.<\/p>\n<div id='gallery-1' class='gallery galleryid-265246 gallery-columns-1 gallery-size-large'><figure class='gallery-item'>\n\t\t\t<div class='gallery-icon landscape'>\n\t\t\t\t<a href='https:\/\/archive.sana.sy\/es\/wp-content\/uploads\/2022\/12\/DS2_1275-scaled.jpg'><img loading=\"lazy\" decoding=\"async\" width=\"618\" height=\"412\" src=\"https:\/\/archive.sana.sy\/es\/wp-content\/uploads\/2022\/12\/DS2_1275-1024x682.jpg\" class=\"attachment-large size-large\" alt=\"\" srcset=\"https:\/\/archive.sana.sy\/es\/wp-content\/uploads\/2022\/12\/DS2_1275-1024x682.jpg 1024w, https:\/\/archive.sana.sy\/es\/wp-content\/uploads\/2022\/12\/DS2_1275-300x200.jpg 300w, https:\/\/archive.sana.sy\/es\/wp-content\/uploads\/2022\/12\/DS2_1275-150x100.jpg 150w, https:\/\/archive.sana.sy\/es\/wp-content\/uploads\/2022\/12\/DS2_1275-768x511.jpg 768w, https:\/\/archive.sana.sy\/es\/wp-content\/uploads\/2022\/12\/DS2_1275-1536x1022.jpg 1536w, https:\/\/archive.sana.sy\/es\/wp-content\/uploads\/2022\/12\/DS2_1275-2048x1363.jpg 2048w\" sizes=\"(max-width: 618px) 100vw, 618px\" \/><\/a>\n\t\t\t<\/div><\/figure><figure class='gallery-item'>\n\t\t\t<div class='gallery-icon landscape'>\n\t\t\t\t<a href='https:\/\/archive.sana.sy\/es\/wp-content\/uploads\/2022\/12\/DS2_1343-scaled.jpg'><img loading=\"lazy\" decoding=\"async\" width=\"618\" height=\"412\" src=\"https:\/\/archive.sana.sy\/es\/wp-content\/uploads\/2022\/12\/DS2_1343-1024x682.jpg\" class=\"attachment-large size-large\" alt=\"\" srcset=\"https:\/\/archive.sana.sy\/es\/wp-content\/uploads\/2022\/12\/DS2_1343-1024x682.jpg 1024w, https:\/\/archive.sana.sy\/es\/wp-content\/uploads\/2022\/12\/DS2_1343-300x200.jpg 300w, https:\/\/archive.sana.sy\/es\/wp-content\/uploads\/2022\/12\/DS2_1343-150x100.jpg 150w, https:\/\/archive.sana.sy\/es\/wp-content\/uploads\/2022\/12\/DS2_1343-768x511.jpg 768w, https:\/\/archive.sana.sy\/es\/wp-content\/uploads\/2022\/12\/DS2_1343-1536x1022.jpg 1536w, https:\/\/archive.sana.sy\/es\/wp-content\/uploads\/2022\/12\/DS2_1343-2048x1363.jpg 2048w\" sizes=\"(max-width: 618px) 100vw, 618px\" \/><\/a>\n\t\t\t<\/div><\/figure><figure class='gallery-item'>\n\t\t\t<div class='gallery-icon landscape'>\n\t\t\t\t<a href='https:\/\/archive.sana.sy\/es\/wp-content\/uploads\/2022\/12\/DS2_1280-scaled.jpg'><img loading=\"lazy\" decoding=\"async\" width=\"618\" height=\"412\" src=\"https:\/\/archive.sana.sy\/es\/wp-content\/uploads\/2022\/12\/DS2_1280-1024x682.jpg\" class=\"attachment-large size-large\" alt=\"\" srcset=\"https:\/\/archive.sana.sy\/es\/wp-content\/uploads\/2022\/12\/DS2_1280-1024x682.jpg 1024w, https:\/\/archive.sana.sy\/es\/wp-content\/uploads\/2022\/12\/DS2_1280-300x200.jpg 300w, https:\/\/archive.sana.sy\/es\/wp-content\/uploads\/2022\/12\/DS2_1280-150x100.jpg 150w, https:\/\/archive.sana.sy\/es\/wp-content\/uploads\/2022\/12\/DS2_1280-768x511.jpg 768w, https:\/\/archive.sana.sy\/es\/wp-content\/uploads\/2022\/12\/DS2_1280-1536x1022.jpg 1536w, https:\/\/archive.sana.sy\/es\/wp-content\/uploads\/2022\/12\/DS2_1280-2048x1363.jpg 2048w\" sizes=\"(max-width: 618px) 100vw, 618px\" \/><\/a>\n\t\t\t<\/div><\/figure><figure class='gallery-item'>\n\t\t\t<div class='gallery-icon landscape'>\n\t\t\t\t<a href='https:\/\/archive.sana.sy\/es\/wp-content\/uploads\/2022\/12\/DS2_1292-scaled.jpg'><img loading=\"lazy\" decoding=\"async\" width=\"618\" height=\"412\" src=\"https:\/\/archive.sana.sy\/es\/wp-content\/uploads\/2022\/12\/DS2_1292-1024x682.jpg\" class=\"attachment-large size-large\" alt=\"\" srcset=\"https:\/\/archive.sana.sy\/es\/wp-content\/uploads\/2022\/12\/DS2_1292-1024x682.jpg 1024w, https:\/\/archive.sana.sy\/es\/wp-content\/uploads\/2022\/12\/DS2_1292-300x200.jpg 300w, https:\/\/archive.sana.sy\/es\/wp-content\/uploads\/2022\/12\/DS2_1292-150x100.jpg 150w, https:\/\/archive.sana.sy\/es\/wp-content\/uploads\/2022\/12\/DS2_1292-768x511.jpg 768w, https:\/\/archive.sana.sy\/es\/wp-content\/uploads\/2022\/12\/DS2_1292-1536x1022.jpg 1536w, https:\/\/archive.sana.sy\/es\/wp-content\/uploads\/2022\/12\/DS2_1292-2048x1363.jpg 2048w\" sizes=\"(max-width: 618px) 100vw, 618px\" \/><\/a>\n\t\t\t<\/div><\/figure><figure class='gallery-item'>\n\t\t\t<div class='gallery-icon landscape'>\n\t\t\t\t<a href='https:\/\/archive.sana.sy\/es\/wp-content\/uploads\/2022\/12\/DS2_1335-scaled.jpg'><img loading=\"lazy\" decoding=\"async\" width=\"618\" height=\"412\" src=\"https:\/\/archive.sana.sy\/es\/wp-content\/uploads\/2022\/12\/DS2_1335-1024x682.jpg\" class=\"attachment-large size-large\" alt=\"\" srcset=\"https:\/\/archive.sana.sy\/es\/wp-content\/uploads\/2022\/12\/DS2_1335-1024x682.jpg 1024w, https:\/\/archive.sana.sy\/es\/wp-content\/uploads\/2022\/12\/DS2_1335-300x200.jpg 300w, https:\/\/archive.sana.sy\/es\/wp-content\/uploads\/2022\/12\/DS2_1335-150x100.jpg 150w, https:\/\/archive.sana.sy\/es\/wp-content\/uploads\/2022\/12\/DS2_1335-768x511.jpg 768w, https:\/\/archive.sana.sy\/es\/wp-content\/uploads\/2022\/12\/DS2_1335-1536x1022.jpg 1536w, https:\/\/archive.sana.sy\/es\/wp-content\/uploads\/2022\/12\/DS2_1335-2048x1363.jpg 2048w\" sizes=\"(max-width: 618px) 100vw, 618px\" \/><\/a>\n\t\t\t<\/div><\/figure><figure class='gallery-item'>\n\t\t\t<div class='gallery-icon landscape'>\n\t\t\t\t<a href='https:\/\/archive.sana.sy\/es\/wp-content\/uploads\/2022\/12\/DS2_1355-scaled.jpg'><img loading=\"lazy\" decoding=\"async\" width=\"618\" height=\"398\" src=\"https:\/\/archive.sana.sy\/es\/wp-content\/uploads\/2022\/12\/DS2_1355-1024x659.jpg\" class=\"attachment-large size-large\" alt=\"\" srcset=\"https:\/\/archive.sana.sy\/es\/wp-content\/uploads\/2022\/12\/DS2_1355-1024x659.jpg 1024w, https:\/\/archive.sana.sy\/es\/wp-content\/uploads\/2022\/12\/DS2_1355-300x193.jpg 300w, https:\/\/archive.sana.sy\/es\/wp-content\/uploads\/2022\/12\/DS2_1355-150x97.jpg 150w, https:\/\/archive.sana.sy\/es\/wp-content\/uploads\/2022\/12\/DS2_1355-768x494.jpg 768w, https:\/\/archive.sana.sy\/es\/wp-content\/uploads\/2022\/12\/DS2_1355-1536x988.jpg 1536w, https:\/\/archive.sana.sy\/es\/wp-content\/uploads\/2022\/12\/DS2_1355-2048x1318.jpg 2048w\" sizes=\"(max-width: 618px) 100vw, 618px\" \/><\/a>\n\t\t\t<\/div><\/figure><figure class='gallery-item'>\n\t\t\t<div class='gallery-icon landscape'>\n\t\t\t\t<a href='https:\/\/archive.sana.sy\/es\/wp-content\/uploads\/2022\/12\/DS2_1319-scaled.jpg'><img loading=\"lazy\" decoding=\"async\" width=\"618\" height=\"387\" src=\"https:\/\/archive.sana.sy\/es\/wp-content\/uploads\/2022\/12\/DS2_1319-1024x642.jpg\" class=\"attachment-large size-large\" alt=\"\" srcset=\"https:\/\/archive.sana.sy\/es\/wp-content\/uploads\/2022\/12\/DS2_1319-1024x642.jpg 1024w, https:\/\/archive.sana.sy\/es\/wp-content\/uploads\/2022\/12\/DS2_1319-300x188.jpg 300w, https:\/\/archive.sana.sy\/es\/wp-content\/uploads\/2022\/12\/DS2_1319-150x94.jpg 150w, https:\/\/archive.sana.sy\/es\/wp-content\/uploads\/2022\/12\/DS2_1319-768x482.jpg 768w, https:\/\/archive.sana.sy\/es\/wp-content\/uploads\/2022\/12\/DS2_1319-1536x963.jpg 1536w, https:\/\/archive.sana.sy\/es\/wp-content\/uploads\/2022\/12\/DS2_1319-2048x1284.jpg 2048w\" sizes=\"(max-width: 618px) 100vw, 618px\" \/><\/a>\n\t\t\t<\/div><\/figure><figure class='gallery-item'>\n\t\t\t<div class='gallery-icon landscape'>\n\t\t\t\t<a href='https:\/\/archive.sana.sy\/es\/wp-content\/uploads\/2022\/12\/DS2_1313-scaled.jpg'><img loading=\"lazy\" decoding=\"async\" width=\"618\" height=\"391\" src=\"https:\/\/archive.sana.sy\/es\/wp-content\/uploads\/2022\/12\/DS2_1313-1024x648.jpg\" class=\"attachment-large size-large\" alt=\"\" srcset=\"https:\/\/archive.sana.sy\/es\/wp-content\/uploads\/2022\/12\/DS2_1313-1024x648.jpg 1024w, https:\/\/archive.sana.sy\/es\/wp-content\/uploads\/2022\/12\/DS2_1313-300x190.jpg 300w, https:\/\/archive.sana.sy\/es\/wp-content\/uploads\/2022\/12\/DS2_1313-150x95.jpg 150w, https:\/\/archive.sana.sy\/es\/wp-content\/uploads\/2022\/12\/DS2_1313-768x486.jpg 768w, https:\/\/archive.sana.sy\/es\/wp-content\/uploads\/2022\/12\/DS2_1313-1536x972.jpg 1536w, https:\/\/archive.sana.sy\/es\/wp-content\/uploads\/2022\/12\/DS2_1313-2048x1295.jpg 2048w\" sizes=\"(max-width: 618px) 100vw, 618px\" \/><\/a>\n\t\t\t<\/div><\/figure><figure class='gallery-item'>\n\t\t\t<div class='gallery-icon landscape'>\n\t\t\t\t<a href='https:\/\/archive.sana.sy\/es\/wp-content\/uploads\/2022\/12\/DS2_1288-scaled.jpg'><img loading=\"lazy\" decoding=\"async\" width=\"618\" height=\"412\" src=\"https:\/\/archive.sana.sy\/es\/wp-content\/uploads\/2022\/12\/DS2_1288-1024x682.jpg\" class=\"attachment-large size-large\" alt=\"\" srcset=\"https:\/\/archive.sana.sy\/es\/wp-content\/uploads\/2022\/12\/DS2_1288-1024x682.jpg 1024w, https:\/\/archive.sana.sy\/es\/wp-content\/uploads\/2022\/12\/DS2_1288-300x200.jpg 300w, https:\/\/archive.sana.sy\/es\/wp-content\/uploads\/2022\/12\/DS2_1288-150x100.jpg 150w, https:\/\/archive.sana.sy\/es\/wp-content\/uploads\/2022\/12\/DS2_1288-768x511.jpg 768w, https:\/\/archive.sana.sy\/es\/wp-content\/uploads\/2022\/12\/DS2_1288-1536x1022.jpg 1536w, https:\/\/archive.sana.sy\/es\/wp-content\/uploads\/2022\/12\/DS2_1288-2048x1363.jpg 2048w\" sizes=\"(max-width: 618px) 100vw, 618px\" \/><\/a>\n\t\t\t<\/div><\/figure><figure class='gallery-item'>\n\t\t\t<div class='gallery-icon landscape'>\n\t\t\t\t<a href='https:\/\/archive.sana.sy\/es\/wp-content\/uploads\/2022\/12\/DS2_1304-scaled.jpg'><img loading=\"lazy\" decoding=\"async\" width=\"618\" height=\"401\" src=\"https:\/\/archive.sana.sy\/es\/wp-content\/uploads\/2022\/12\/DS2_1304-1024x664.jpg\" class=\"attachment-large size-large\" alt=\"\" srcset=\"https:\/\/archive.sana.sy\/es\/wp-content\/uploads\/2022\/12\/DS2_1304-1024x664.jpg 1024w, https:\/\/archive.sana.sy\/es\/wp-content\/uploads\/2022\/12\/DS2_1304-300x195.jpg 300w, https:\/\/archive.sana.sy\/es\/wp-content\/uploads\/2022\/12\/DS2_1304-150x97.jpg 150w, https:\/\/archive.sana.sy\/es\/wp-content\/uploads\/2022\/12\/DS2_1304-768x498.jpg 768w, https:\/\/archive.sana.sy\/es\/wp-content\/uploads\/2022\/12\/DS2_1304-1536x996.jpg 1536w, https:\/\/archive.sana.sy\/es\/wp-content\/uploads\/2022\/12\/DS2_1304-2048x1328.jpg 2048w\" sizes=\"(max-width: 618px) 100vw, 618px\" \/><\/a>\n\t\t\t<\/div><\/figure>\n\t\t<\/div>\n\n<p style=\"text-align: justify\">la<\/p>\n","protected":false},"excerpt":{"rendered":"<p>Damasco, 07 dic (SANA) La F\u00e1brica de Alfombras de Damasco fue establecida en 1959, y sigui\u00f3 funcionando durante m\u00e1s de 60 a\u00f1os sin interrupci\u00f3n hasta 2012, fecha del comienzo de la guerra terrorista contra Siria. Su trabajo se detuvo por dos a\u00f1os como resultado de la destrucci\u00f3n, el saqueo y robo de sus bienes y &hellip;<\/p>\n","protected":false},"author":24,"featured_media":265257,"comment_status":"closed","ping_status":"closed","sticky":false,"template":"","format":"standard","meta":{"footnotes":""},"categories":[597,625,623,616,571,7541],"tags":[],"class_list":["post-265246","post","type-post","status-publish","format-standard","has-post-thumbnail","","category-cinta-de-noticias","category-fotos-fotos-sana","category-fotos-sana","category-noticias-en-fotos","category-siria-en-fotos","category-ultimas-noticias"],"_links":{"self":[{"href":"https:\/\/archive.sana.sy\/es\/index.php?rest_route=\/wp\/v2\/posts\/265246"}],"collection":[{"href":"https:\/\/archive.sana.sy\/es\/index.php?rest_route=\/wp\/v2\/posts"}],"about":[{"href":"https:\/\/archive.sana.sy\/es\/index.php?rest_route=\/wp\/v2\/types\/post"}],"author":[{"embeddable":true,"href":"https:\/\/archive.sana.sy\/es\/index.php?rest_route=\/wp\/v2\/users\/24"}],"replies":[{"embeddable":true,"href":"https:\/\/archive.sana.sy\/es\/index.php?rest_route=%2Fwp%2Fv2%2Fcomments&post=265246"}],"version-history":[{"count":0,"href":"https:\/\/archive.sana.sy\/es\/index.php?rest_route=\/wp\/v2\/posts\/265246\/revisions"}],"wp:featuredmedia":[{"embeddable":true,"href":"https:\/\/archive.sana.sy\/es\/index.php?rest_route=\/wp\/v2\/media\/265257"}],"wp:attachment":[{"href":"https:\/\/archive.sana.sy\/es\/index.php?rest_route=%2Fwp%2Fv2%2Fmedia&parent=265246"}],"wp:term":[{"taxonomy":"category","embeddable":true,"href":"https:\/\/archive.sana.sy\/es\/index.php?rest_route=%2Fwp%2Fv2%2Fcategories&post=265246"},{"taxonomy":"post_tag","embeddable":true,"href":"https:\/\/archive.sana.sy\/es\/index.php?rest_route=%2Fwp%2Fv2%2Ftags&post=265246"}],"curies":[{"name":"wp","href":"https:\/\/api.w.org\/{rel}","templated":true}]}}