{"id":265260,"date":"2022-12-07T19:26:23","date_gmt":"2022-12-07T17:26:23","guid":{"rendered":"http:\/\/107.6.182.27\/es\/?p=265260"},"modified":"2023-01-10T15:49:18","modified_gmt":"2023-01-10T13:49:18","slug":"moscu-no-sera-la-primera-en-utilizar-las-armas-nucleares-confirma-putin","status":"publish","type":"post","link":"https:\/\/archive.sana.sy\/es\/?p=265260","title":{"rendered":"Mosc\u00fa no ser\u00e1 la primera en utilizar las armas nucleares, reitera Putin"},"content":{"rendered":"<p style=\"text-align: justify\"><span style=\"color: #800000\"><strong>Mosc\u00fa, 07 dic (SANA)<\/strong><\/span> El presidente ruso, Vladimir Putin recalc\u00f3 que su pa\u00eds no tiene la intenci\u00f3n de ser el primero en utilizar las armas nucleares, aunque las amenazas de una guerra nuclear son cada vez m\u00e1s obvias.<\/p>\n<p style=\"text-align: justify\">&#8220;No estamos locos, somos conscientes de lo que significan las armas nucleares&#8230; No vamos a blandirlas como una navaja de afeitar\u201d, dijo durante una reuni\u00f3n con los miembros del Consejo sobre el Desarrollo de la Sociedad Civil y los Derechos Humanos.<\/p>\n<p style=\"text-align: justify\">Putin reiter\u00f3 que Mosc\u00fa considera que este tipo de armas sirven solo como &#8220;un medio de defensa\u201d.<\/p>\n<p style=\"text-align: justify\">Aclar\u00f3 que una gran cantidad del arsenal nuclear t\u00e1ctico de EEUU se encuentra en Europa, mientras que Rusia no ha transferido sus armas a nadie. \u201cPero, por supuesto, protegeremos a nuestros aliados con todos los medios a nuestro alcance, si es necesario&#8221;, enfatiz\u00f3 Putin.<\/p>\n<p style=\"text-align: justify\">la<\/p>\n","protected":false},"excerpt":{"rendered":"<p>Mosc\u00fa, 07 dic (SANA) El presidente ruso, Vladimir Putin recalc\u00f3 que su pa\u00eds no tiene la intenci\u00f3n de ser el primero en utilizar las armas nucleares, aunque las amenazas de una guerra nuclear son cada vez m\u00e1s obvias. &#8220;No estamos locos, somos conscientes de lo que significan las armas nucleares&#8230; No vamos a blandirlas como &hellip;<\/p>\n","protected":false},"author":24,"featured_media":254179,"comment_status":"closed","ping_status":"closed","sticky":false,"template":"","format":"standard","meta":{"footnotes":""},"categories":[597,456,20724,7541],"tags":[],"class_list":["post-265260","post","type-post","status-publish","format-standard","has-post-thumbnail","","category-cinta-de-noticias","category-arabe-internacional-politica","category-minuto-a-minuto","category-ultimas-noticias"],"_links":{"self":[{"href":"https:\/\/archive.sana.sy\/es\/index.php?rest_route=\/wp\/v2\/posts\/265260"}],"collection":[{"href":"https:\/\/archive.sana.sy\/es\/index.php?rest_route=\/wp\/v2\/posts"}],"about":[{"href":"https:\/\/archive.sana.sy\/es\/index.php?rest_route=\/wp\/v2\/types\/post"}],"author":[{"embeddable":true,"href":"https:\/\/archive.sana.sy\/es\/index.php?rest_route=\/wp\/v2\/users\/24"}],"replies":[{"embeddable":true,"href":"https:\/\/archive.sana.sy\/es\/index.php?rest_route=%2Fwp%2Fv2%2Fcomments&post=265260"}],"version-history":[{"count":0,"href":"https:\/\/archive.sana.sy\/es\/index.php?rest_route=\/wp\/v2\/posts\/265260\/revisions"}],"wp:featuredmedia":[{"embeddable":true,"href":"https:\/\/archive.sana.sy\/es\/index.php?rest_route=\/wp\/v2\/media\/254179"}],"wp:attachment":[{"href":"https:\/\/archive.sana.sy\/es\/index.php?rest_route=%2Fwp%2Fv2%2Fmedia&parent=265260"}],"wp:term":[{"taxonomy":"category","embeddable":true,"href":"https:\/\/archive.sana.sy\/es\/index.php?rest_route=%2Fwp%2Fv2%2Fcategories&post=265260"},{"taxonomy":"post_tag","embeddable":true,"href":"https:\/\/archive.sana.sy\/es\/index.php?rest_route=%2Fwp%2Fv2%2Ftags&post=265260"}],"curies":[{"name":"wp","href":"https:\/\/api.w.org\/{rel}","templated":true}]}}