{"id":265263,"date":"2022-12-07T19:32:40","date_gmt":"2022-12-07T17:32:40","guid":{"rendered":"http:\/\/107.6.182.27\/es\/?p=265263"},"modified":"2023-01-10T15:49:18","modified_gmt":"2023-01-10T13:49:18","slug":"el-choque-de-dos-trenes-en-espana-causa-mas-de-150-heridos","status":"publish","type":"post","link":"https:\/\/archive.sana.sy\/es\/?p=265263","title":{"rendered":"El choque de dos trenes en Espa\u00f1a causa m\u00e1s de 150 heridos"},"content":{"rendered":"<p style=\"text-align: justify;\"><span style=\"color: #800000;\"><strong>Madrid, 7 dic (SANA)<\/strong><\/span> Al menos 155 personas resultaron heridas este mi\u00e9rcoles al chocar dos trenes cerca de una estaci\u00f3n en la ciudad espa\u00f1ola de Barcelona por circunstancias que est\u00e1n siendo investigadas, seg\u00fan informaron las autoridades locales.<\/p>\n<p style=\"text-align: justify;\">La colisi\u00f3n se registr\u00f3 a las 7:50 de la ma\u00f1ana, en plena hora punta, cuando un convoy envisti\u00f3 a baja velocidad a otro detenido en un and\u00e9n de la estaci\u00f3n de Montcada y Reixac, a unas 12 millas al norte de Barcelona.<\/p>\n<p style=\"text-align: justify;\">&#8220;Ciento cincuenta y cinco personas han tenido que ser atendidas, 39 que han sido atendidos y trasladados a centros hospitalarios, o centros de atenci\u00f3n primaria&#8221;, explic\u00f3 a la prensa la ministra de Transportes, Raquel S\u00e1nchez en el lugar del accidente.<\/p>\n<p style=\"text-align: justify;\">&#8220;Afortunadamente, y dentro de lo aparatoso de esta colisi\u00f3n y de este accidente, no ha habido que lamentar heridos graves, s\u00ed que heridos leves&#8221;, continu\u00f3 la ministra.<\/p>\n<p style=\"text-align: justify;\">Los heridos sufren &#8220;policontusiones, alg\u00fan traumatismo en la cabeza, pero sin gravedad&#8221;, precis\u00f3 a la prensa Joan Carles G\u00f3mez, responsable de Servicios de Emergencias M\u00e9dicas, explicando que el impacto fue &#8220;a una velocidad muy baja, pero hab\u00eda gente de pie que ha salido proyectada, y sufrieron golpes&#8221;.<\/p>\n<p style=\"text-align: justify;\">El tr\u00e1fico ferroviario en ambos sentidos fue suspendido y se est\u00e1 investigando lo ocurrido, anunciaron el operador ferroviario Renfe y la ministra S\u00e1nchez.<\/p>\n<p style=\"text-align: justify;\">La colisi\u00f3n fue &#8220;entre un tren que estaba estacionado, ya se encontraba parado, y otro tren que estaba haciendo (&#8230;) una maniobra que se realiza frecuentemente&#8221;, narr\u00f3 S\u00e1nchez.<\/p>\n<p style=\"text-align: justify;\">&#8220;Es una maniobra segura, pero se est\u00e1n analizando cu\u00e1les han sido los motivos de esta colisi\u00f3n y de este impacto&#8221;, a\u00f1adi\u00f3.<\/p>\n<p style=\"text-align: justify;\">La ma\u00f1ana era de niebla, pero &#8220;no parece ser que la situaci\u00f3n meteorol\u00f3gica haya podido incidir&#8221;, precis\u00f3 la ministra.<\/p>\n<p>mm<\/p>\n","protected":false},"excerpt":{"rendered":"<p>Madrid, 7 dic (SANA) Al menos 155 personas resultaron heridas este mi\u00e9rcoles al chocar dos trenes cerca de una estaci\u00f3n en la ciudad espa\u00f1ola de Barcelona por circunstancias que est\u00e1n siendo investigadas, seg\u00fan informaron las autoridades locales. La colisi\u00f3n se registr\u00f3 a las 7:50 de la ma\u00f1ana, en plena hora punta, cuando un convoy envisti\u00f3 &hellip;<\/p>\n","protected":false},"author":36,"featured_media":265264,"comment_status":"closed","ping_status":"closed","sticky":false,"template":"","format":"standard","meta":{"footnotes":""},"categories":[597,456,20724,457],"tags":[],"class_list":["post-265263","post","type-post","status-publish","format-standard","has-post-thumbnail","","category-cinta-de-noticias","category-arabe-internacional-politica","category-minuto-a-minuto","category-noticias-arabe-internacional-politica"],"_links":{"self":[{"href":"https:\/\/archive.sana.sy\/es\/index.php?rest_route=\/wp\/v2\/posts\/265263"}],"collection":[{"href":"https:\/\/archive.sana.sy\/es\/index.php?rest_route=\/wp\/v2\/posts"}],"about":[{"href":"https:\/\/archive.sana.sy\/es\/index.php?rest_route=\/wp\/v2\/types\/post"}],"author":[{"embeddable":true,"href":"https:\/\/archive.sana.sy\/es\/index.php?rest_route=\/wp\/v2\/users\/36"}],"replies":[{"embeddable":true,"href":"https:\/\/archive.sana.sy\/es\/index.php?rest_route=%2Fwp%2Fv2%2Fcomments&post=265263"}],"version-history":[{"count":0,"href":"https:\/\/archive.sana.sy\/es\/index.php?rest_route=\/wp\/v2\/posts\/265263\/revisions"}],"wp:featuredmedia":[{"embeddable":true,"href":"https:\/\/archive.sana.sy\/es\/index.php?rest_route=\/wp\/v2\/media\/265264"}],"wp:attachment":[{"href":"https:\/\/archive.sana.sy\/es\/index.php?rest_route=%2Fwp%2Fv2%2Fmedia&parent=265263"}],"wp:term":[{"taxonomy":"category","embeddable":true,"href":"https:\/\/archive.sana.sy\/es\/index.php?rest_route=%2Fwp%2Fv2%2Fcategories&post=265263"},{"taxonomy":"post_tag","embeddable":true,"href":"https:\/\/archive.sana.sy\/es\/index.php?rest_route=%2Fwp%2Fv2%2Ftags&post=265263"}],"curies":[{"name":"wp","href":"https:\/\/api.w.org\/{rel}","templated":true}]}}