{"id":265283,"date":"2022-12-07T21:00:23","date_gmt":"2022-12-07T19:00:23","guid":{"rendered":"http:\/\/107.6.182.27\/es\/?p=265283"},"modified":"2023-01-10T15:49:17","modified_gmt":"2023-01-10T13:49:17","slug":"crisis-politica-en-peru-castillo-disuelve-congreso-y-establece-gobierno-de-emergencia","status":"publish","type":"post","link":"https:\/\/archive.sana.sy\/es\/?p=265283","title":{"rendered":"Crisis pol\u00edtica en Per\u00fa: Castillo disuelve congreso y establece Gobierno de Emergencia"},"content":{"rendered":"<blockquote>\n<p style=\"text-align: justify;\"><span style=\"color: #800000;\"><em><strong>El mandatario hizo el anuncio en un mensaje a la Naci\u00f3n que caus\u00f3 sorpresa general al punto que renunciaron el canciller C\u00e9sar Landa y los titulares de Justicia F\u00e9lix Chero, de Econom\u00eda Kurt Burneo, de Trabajo Alejandro Salas, Ambiente Wilber Rozas y de la Mujer Heidy Su\u00e1rez, por estar en desacuerdo con la decisi\u00f3n.<\/strong><\/em><\/span><\/p>\n<\/blockquote>\n<p style=\"text-align: justify;\"><strong>Lima, 07 dic (SANA)<\/strong> El presidente peruano Pedro Castillo, disolvi\u00f3 el Parlamento, instaur\u00f3 un gobierno de emergencia excepcional y dispuso la reorganizaci\u00f3n del Poder Judicial, el Ministerio P\u00fablico y el Tribunal Constitucional, inform\u00f3 hoy la agencia Prensa Latina.<\/p>\n<p style=\"text-align: justify;\">El mandatario hizo el anuncio en un mensaje a la Naci\u00f3n que caus\u00f3 sorpresa general al punto que renunciaron el canciller C\u00e9sar Landa y los titulares de Justicia F\u00e9lix Chero, de Econom\u00eda Kurt Burneo, de Trabajo Alejandro Salas, Ambiente Wilber Rozas y de la Mujer Heidy Su\u00e1rez, por estar en desacuerdo con la decisi\u00f3n.<\/p>\n<p style=\"text-align: justify;\">En la alocuci\u00f3n, transmitida por televisi\u00f3n, Castillo precis\u00f3 que en el m\u00e1s breve plazo convocar\u00e1 elecciones para un nuevo congreso que elabore una nueva constituci\u00f3n en al menos nueve meses.<\/p>\n<p style=\"text-align: justify;\">Incluy\u00f3 a la Junta Nacional de Justicia, que fiscaliza a los \u00f3rganos de Justicia, entre los organismos a reorganizar y decret\u00f3 el toque de queda desde las 10 de la noche hasta las cuatro de la madrugada.<\/p>\n<p style=\"text-align: justify;\">Castillo dio un plazo de 72 horas para que quienes tengan armamento ilegal lo entreguen a la Polic\u00eda.<\/p>\n<p style=\"text-align: justify;\">Llam\u00f3 a todas instituciones de la sociedad civil, como asociaciones, rondas campesinas (organizaciones de seguridad ciudadana), frentes regionales de defensa de las regiones y todos los sectores sociales \u201ca respaldar las decisiones de enrumbar el pa\u00eds a su desarrollo sin discriminaci\u00f3n y sin alterar la pol\u00edtica econ\u00f3mica vigente.<\/p>\n<p style=\"text-align: justify;\">Tras el golpe, legisladores de diversas tendencias manifestaron su condena a lo que llamaron golpe de Estado y los de derecha llamaron a la intervenci\u00f3n de las Fuerzas Armadas a tomar posici\u00f3n contra la decisi\u00f3n del presidente.<\/p>\n<p style=\"text-align: justify;\">fm\/sm<\/p>\n","protected":false},"excerpt":{"rendered":"<p>El mandatario hizo el anuncio en un mensaje a la Naci\u00f3n que caus\u00f3 sorpresa general al punto que renunciaron el canciller C\u00e9sar Landa y los titulares de Justicia F\u00e9lix Chero, de Econom\u00eda Kurt Burneo, de Trabajo Alejandro Salas, Ambiente Wilber Rozas y de la Mujer Heidy Su\u00e1rez, por estar en desacuerdo con la decisi\u00f3n. Lima, &hellip;<\/p>\n","protected":false},"author":39,"featured_media":265284,"comment_status":"closed","ping_status":"closed","sticky":false,"template":"","format":"standard","meta":{"footnotes":""},"categories":[597,456,20724,7541],"tags":[20304,8865,21612],"class_list":["post-265283","post","type-post","status-publish","format-standard","has-post-thumbnail","","category-cinta-de-noticias","category-arabe-internacional-politica","category-minuto-a-minuto","category-ultimas-noticias","tag-castillo","tag-congreso","tag-gobierno-de-emergencia"],"_links":{"self":[{"href":"https:\/\/archive.sana.sy\/es\/index.php?rest_route=\/wp\/v2\/posts\/265283"}],"collection":[{"href":"https:\/\/archive.sana.sy\/es\/index.php?rest_route=\/wp\/v2\/posts"}],"about":[{"href":"https:\/\/archive.sana.sy\/es\/index.php?rest_route=\/wp\/v2\/types\/post"}],"author":[{"embeddable":true,"href":"https:\/\/archive.sana.sy\/es\/index.php?rest_route=\/wp\/v2\/users\/39"}],"replies":[{"embeddable":true,"href":"https:\/\/archive.sana.sy\/es\/index.php?rest_route=%2Fwp%2Fv2%2Fcomments&post=265283"}],"version-history":[{"count":0,"href":"https:\/\/archive.sana.sy\/es\/index.php?rest_route=\/wp\/v2\/posts\/265283\/revisions"}],"wp:featuredmedia":[{"embeddable":true,"href":"https:\/\/archive.sana.sy\/es\/index.php?rest_route=\/wp\/v2\/media\/265284"}],"wp:attachment":[{"href":"https:\/\/archive.sana.sy\/es\/index.php?rest_route=%2Fwp%2Fv2%2Fmedia&parent=265283"}],"wp:term":[{"taxonomy":"category","embeddable":true,"href":"https:\/\/archive.sana.sy\/es\/index.php?rest_route=%2Fwp%2Fv2%2Fcategories&post=265283"},{"taxonomy":"post_tag","embeddable":true,"href":"https:\/\/archive.sana.sy\/es\/index.php?rest_route=%2Fwp%2Fv2%2Ftags&post=265283"}],"curies":[{"name":"wp","href":"https:\/\/api.w.org\/{rel}","templated":true}]}}