{"id":265293,"date":"2022-12-08T05:05:32","date_gmt":"2022-12-08T03:05:32","guid":{"rendered":"http:\/\/107.6.182.27\/es\/?p=265293"},"modified":"2023-01-10T15:49:17","modified_gmt":"2023-01-10T13:49:17","slug":"los-negocios-en-moscu-se-han-adaptado-a-las-sanciones-y-han-sorprendido-al-mundo-afirma-alcalde-de-moscu","status":"publish","type":"post","link":"https:\/\/archive.sana.sy\/es\/?p=265293","title":{"rendered":"Los negocios en Mosc\u00fa se han adaptado a las sanciones y han sorprendido al mundo, afirma Alcalde de Mosc\u00fa"},"content":{"rendered":"<p style=\"text-align: justify;\"><span style=\"color: #800000;\"><strong>Mosc\u00fa, 8 dic (SANA)\u00a0<\/strong><\/span> El alcalde de Mosc\u00fa, Sergei Sobyanin, anunci\u00f3 que los negocios de Mosc\u00fa se adaptaron r\u00e1pidamente a las sanciones antirrusas e incluso sorprendieron al mundo y a los c\u00edrculos locales.<\/p>\n<p style=\"text-align: justify;\">\u201cDespu\u00e9s de que hayan pasado varios meses, se puede decir con confianza que los negocios se han adaptado completamente a la situaci\u00f3n, y ello no solo nos sorprendi\u00f3 a nosotros, sino tambi\u00e9n al mundo entero\u201d, dijo Sobyanin.<\/p>\n<p style=\"text-align: justify;\">Agreg\u00f3 que Mosc\u00fa tiene de antemano una econom\u00eda fuerte que le permite superar todas las dificultades de la \u00e9poca actual.<\/p>\n<p style=\"text-align: justify;\">fm<\/p>\n<p style=\"text-align: justify;\">\n","protected":false},"excerpt":{"rendered":"<p>Mosc\u00fa, 8 dic (SANA)\u00a0 El alcalde de Mosc\u00fa, Sergei Sobyanin, anunci\u00f3 que los negocios de Mosc\u00fa se adaptaron r\u00e1pidamente a las sanciones antirrusas e incluso sorprendieron al mundo y a los c\u00edrculos locales. \u201cDespu\u00e9s de que hayan pasado varios meses, se puede decir con confianza que los negocios se han adaptado completamente a la situaci\u00f3n, &hellip;<\/p>\n","protected":false},"author":34,"featured_media":265294,"comment_status":"closed","ping_status":"closed","sticky":false,"template":"","format":"standard","meta":{"footnotes":""},"categories":[597,16686,485,456],"tags":[],"class_list":["post-265293","post","type-post","status-publish","format-standard","has-post-thumbnail","","category-cinta-de-noticias","category-economia","category-informes-negocios-y-finanzas","category-arabe-internacional-politica"],"_links":{"self":[{"href":"https:\/\/archive.sana.sy\/es\/index.php?rest_route=\/wp\/v2\/posts\/265293"}],"collection":[{"href":"https:\/\/archive.sana.sy\/es\/index.php?rest_route=\/wp\/v2\/posts"}],"about":[{"href":"https:\/\/archive.sana.sy\/es\/index.php?rest_route=\/wp\/v2\/types\/post"}],"author":[{"embeddable":true,"href":"https:\/\/archive.sana.sy\/es\/index.php?rest_route=\/wp\/v2\/users\/34"}],"replies":[{"embeddable":true,"href":"https:\/\/archive.sana.sy\/es\/index.php?rest_route=%2Fwp%2Fv2%2Fcomments&post=265293"}],"version-history":[{"count":0,"href":"https:\/\/archive.sana.sy\/es\/index.php?rest_route=\/wp\/v2\/posts\/265293\/revisions"}],"wp:featuredmedia":[{"embeddable":true,"href":"https:\/\/archive.sana.sy\/es\/index.php?rest_route=\/wp\/v2\/media\/265294"}],"wp:attachment":[{"href":"https:\/\/archive.sana.sy\/es\/index.php?rest_route=%2Fwp%2Fv2%2Fmedia&parent=265293"}],"wp:term":[{"taxonomy":"category","embeddable":true,"href":"https:\/\/archive.sana.sy\/es\/index.php?rest_route=%2Fwp%2Fv2%2Fcategories&post=265293"},{"taxonomy":"post_tag","embeddable":true,"href":"https:\/\/archive.sana.sy\/es\/index.php?rest_route=%2Fwp%2Fv2%2Ftags&post=265293"}],"curies":[{"name":"wp","href":"https:\/\/api.w.org\/{rel}","templated":true}]}}