{"id":265305,"date":"2022-12-08T08:14:10","date_gmt":"2022-12-08T06:14:10","guid":{"rendered":"http:\/\/107.6.182.27\/es\/?p=265305"},"modified":"2023-01-10T15:49:16","modified_gmt":"2023-01-10T13:49:16","slug":"militares-israelies-disparan-y-mataan-a-tres-palestinos-en-jenin","status":"publish","type":"post","link":"https:\/\/archive.sana.sy\/es\/?p=265305","title":{"rendered":"Militares israel\u00edes disparan y mataan a tres palestinos en Jenin"},"content":{"rendered":"<blockquote>\n<p style=\"text-align: justify;\"><span style=\"color: #000000;\"><em><strong>El Ministerio de Salud palestino anunci\u00f3 por medio de un comunicado citado por agencia Wafa, que los j\u00f3venes fueron asesinados durante una incursi\u00f3n israel\u00ed en Jenin y su campamento, mientras otros resultaron heridos.<\/strong><\/em><\/span><\/p>\n<\/blockquote>\n<p style=\"text-align: justify;\"><span style=\"color: #800000;\"><strong>Jerusal\u00e9n ocupada, 8 dic (SANA)<\/strong><\/span> Tres palestinos fueron asesinados hoy por las fuerzas de ocupaci\u00f3n israel\u00edes en la ciudad de Jenin, en Cisjordania.<\/p>\n<p style=\"text-align: justify;\">El Ministerio de Salud palestino anunci\u00f3 por medio de un comunicado citado por agencia Wafa, que los j\u00f3venes fueron asesinados durante una incursi\u00f3n israel\u00ed en Jenin y su campamento, mientras otros resultaron heridos.<\/p>\n<p style=\"text-align: justify;\">La noche del mi\u00e9rcoles, las tropas israel\u00edes mataron a tiros a un joven palestino cerca de la ciudad de Ramallah, en Cisjordania.<\/p>\n<p style=\"text-align: justify;\">fm\/as<\/p>\n","protected":false},"excerpt":{"rendered":"<p>El Ministerio de Salud palestino anunci\u00f3 por medio de un comunicado citado por agencia Wafa, que los j\u00f3venes fueron asesinados durante una incursi\u00f3n israel\u00ed en Jenin y su campamento, mientras otros resultaron heridos. Jerusal\u00e9n ocupada, 8 dic (SANA) Tres palestinos fueron asesinados hoy por las fuerzas de ocupaci\u00f3n israel\u00edes en la ciudad de Jenin, en &hellip;<\/p>\n","protected":false},"author":42,"featured_media":265306,"comment_status":"closed","ping_status":"closed","sticky":false,"template":"","format":"standard","meta":{"footnotes":""},"categories":[597,456,583],"tags":[],"class_list":["post-265305","post","type-post","status-publish","format-standard","has-post-thumbnail","","category-cinta-de-noticias","category-arabe-internacional-politica","category-slide"],"_links":{"self":[{"href":"https:\/\/archive.sana.sy\/es\/index.php?rest_route=\/wp\/v2\/posts\/265305"}],"collection":[{"href":"https:\/\/archive.sana.sy\/es\/index.php?rest_route=\/wp\/v2\/posts"}],"about":[{"href":"https:\/\/archive.sana.sy\/es\/index.php?rest_route=\/wp\/v2\/types\/post"}],"author":[{"embeddable":true,"href":"https:\/\/archive.sana.sy\/es\/index.php?rest_route=\/wp\/v2\/users\/42"}],"replies":[{"embeddable":true,"href":"https:\/\/archive.sana.sy\/es\/index.php?rest_route=%2Fwp%2Fv2%2Fcomments&post=265305"}],"version-history":[{"count":0,"href":"https:\/\/archive.sana.sy\/es\/index.php?rest_route=\/wp\/v2\/posts\/265305\/revisions"}],"wp:featuredmedia":[{"embeddable":true,"href":"https:\/\/archive.sana.sy\/es\/index.php?rest_route=\/wp\/v2\/media\/265306"}],"wp:attachment":[{"href":"https:\/\/archive.sana.sy\/es\/index.php?rest_route=%2Fwp%2Fv2%2Fmedia&parent=265305"}],"wp:term":[{"taxonomy":"category","embeddable":true,"href":"https:\/\/archive.sana.sy\/es\/index.php?rest_route=%2Fwp%2Fv2%2Fcategories&post=265305"},{"taxonomy":"post_tag","embeddable":true,"href":"https:\/\/archive.sana.sy\/es\/index.php?rest_route=%2Fwp%2Fv2%2Ftags&post=265305"}],"curies":[{"name":"wp","href":"https:\/\/api.w.org\/{rel}","templated":true}]}}