{"id":265309,"date":"2022-12-08T09:51:52","date_gmt":"2022-12-08T07:51:52","guid":{"rendered":"http:\/\/107.6.182.27\/es\/?p=265309"},"modified":"2023-01-10T15:49:16","modified_gmt":"2023-01-10T13:49:16","slug":"politico-eslovaco-las-sanciones-occidentales-contra-rusia-han-fracasado","status":"publish","type":"post","link":"https:\/\/archive.sana.sy\/es\/?p=265309","title":{"rendered":"Pol\u00edtico eslovaco: las sanciones occidentales contra Rusia han fracasado"},"content":{"rendered":"<blockquote>\n<p style=\"text-align: justify;\"><span style=\"color: #000000;\"><em><strong>Durante una conferencia de prensa celebrada en Bratislava con el canciller h\u00fangaro, Fitsso se\u00f1al\u00f3 que estas sanciones no lograron que Rusia cambiara sus posiciones, al contrario, perjudicaron a los europeos que las impusieron.<\/strong><\/em><\/span><\/p>\n<\/blockquote>\n<p style=\"text-align: justify;\"><span style=\"color: #800000;\"><strong>Bratislava, 8 dic (SANA)<\/strong><\/span><br \/>\nEl ex primer ministro eslovaco y l\u00edder del Partido Social Dem\u00f3crata, Robert Fitsso, consider\u00f3 que las sanciones occidentales impuestas a Rusia fracasaron y no lograron sus objetivos.<\/p>\n<p style=\"text-align: justify;\">Durante una conferencia de prensa celebrada en Bratislava con el canciller h\u00fangaro, Fitsso se\u00f1al\u00f3 que estas sanciones no lograron que Rusia cambiara sus posiciones, al contrario, perjudicaron a los europeos que las impusieron.<\/p>\n<p style=\"text-align: justify;\">Llam\u00f3 a intensificar la cooperaci\u00f3n entre los pa\u00edses que conforman el Grupo de Visgrad, que incluye Eslovaquia, Rep\u00fablica Checa, Hungr\u00eda y Polonia.<\/p>\n<p style=\"text-align: justify;\">Consider\u00f3 que este Grupo es una fuerza capaz de frenar las decisiones emitidas por la Uni\u00f3n Europea.<\/p>\n<p style=\"text-align: justify;\">fm\/as<\/p>\n","protected":false},"excerpt":{"rendered":"<p>Durante una conferencia de prensa celebrada en Bratislava con el canciller h\u00fangaro, Fitsso se\u00f1al\u00f3 que estas sanciones no lograron que Rusia cambiara sus posiciones, al contrario, perjudicaron a los europeos que las impusieron. Bratislava, 8 dic (SANA) El ex primer ministro eslovaco y l\u00edder del Partido Social Dem\u00f3crata, Robert Fitsso, consider\u00f3 que las sanciones occidentales &hellip;<\/p>\n","protected":false},"author":42,"featured_media":265310,"comment_status":"closed","ping_status":"closed","sticky":false,"template":"","format":"standard","meta":{"footnotes":""},"categories":[597,456,20724,7541],"tags":[],"class_list":["post-265309","post","type-post","status-publish","format-standard","has-post-thumbnail","","category-cinta-de-noticias","category-arabe-internacional-politica","category-minuto-a-minuto","category-ultimas-noticias"],"_links":{"self":[{"href":"https:\/\/archive.sana.sy\/es\/index.php?rest_route=\/wp\/v2\/posts\/265309"}],"collection":[{"href":"https:\/\/archive.sana.sy\/es\/index.php?rest_route=\/wp\/v2\/posts"}],"about":[{"href":"https:\/\/archive.sana.sy\/es\/index.php?rest_route=\/wp\/v2\/types\/post"}],"author":[{"embeddable":true,"href":"https:\/\/archive.sana.sy\/es\/index.php?rest_route=\/wp\/v2\/users\/42"}],"replies":[{"embeddable":true,"href":"https:\/\/archive.sana.sy\/es\/index.php?rest_route=%2Fwp%2Fv2%2Fcomments&post=265309"}],"version-history":[{"count":0,"href":"https:\/\/archive.sana.sy\/es\/index.php?rest_route=\/wp\/v2\/posts\/265309\/revisions"}],"wp:featuredmedia":[{"embeddable":true,"href":"https:\/\/archive.sana.sy\/es\/index.php?rest_route=\/wp\/v2\/media\/265310"}],"wp:attachment":[{"href":"https:\/\/archive.sana.sy\/es\/index.php?rest_route=%2Fwp%2Fv2%2Fmedia&parent=265309"}],"wp:term":[{"taxonomy":"category","embeddable":true,"href":"https:\/\/archive.sana.sy\/es\/index.php?rest_route=%2Fwp%2Fv2%2Fcategories&post=265309"},{"taxonomy":"post_tag","embeddable":true,"href":"https:\/\/archive.sana.sy\/es\/index.php?rest_route=%2Fwp%2Fv2%2Ftags&post=265309"}],"curies":[{"name":"wp","href":"https:\/\/api.w.org\/{rel}","templated":true}]}}