{"id":265369,"date":"2022-12-08T16:57:29","date_gmt":"2022-12-08T14:57:29","guid":{"rendered":"http:\/\/107.6.182.27\/es\/?p=265369"},"modified":"2023-01-10T15:49:15","modified_gmt":"2023-01-10T13:49:15","slug":"la-guerra-energetica-con-rusia-es-una-politica-estupida-y-miope-afirma-parlamentaria-francesa","status":"publish","type":"post","link":"https:\/\/archive.sana.sy\/es\/?p=265369","title":{"rendered":"La guerra energ\u00e9tica con Rusia es una pol\u00edtica est\u00fapida y miope, afirma parlamentaria francesa"},"content":{"rendered":"<p style=\"text-align: justify;\"><span style=\"color: #800000;\"><strong>Par\u00eds, 08 dic (SANA)<\/strong><\/span> La jefa del Bloque del Partido de Agrupaci\u00f3n Nacional en el Parlamento franc\u00e9s, Marine Le Pen, consider\u00f3 que la guerra energ\u00e9tica con Rusia en un momento en que Francia corta la electricidad y exige detener la calefacci\u00f3n es una pol\u00edtica est\u00fapida y miope.<\/p>\n<p style=\"text-align: justify;\">RT cit\u00f3 a Le Pen diciendo en una entrevista con la radio RTL hoy: \u201cNo es permisible llevar a cabo una guerra energ\u00e9tica contra Rusia en un momento en que sufrimos escasez energ\u00e9tica\u201d, describiendo tal acci\u00f3n como est\u00fapido.<\/p>\n<p style=\"text-align: justify;\">\u201cLas sanciones impuestas actualmente a Rusia tienen consecuencias m\u00e1s graves para el pueblo franc\u00e9s\u201d, agreg\u00f3 la parlamentaria.<\/p>\n<p style=\"text-align: justify;\">La Comisi\u00f3n Europea present\u00f3 la v\u00edspera otro paquete de sanciones contra Rusia que incluye a casi 200 personas y entidades jur\u00eddicas, tres bancos, cuatro cadenas televisivas, as\u00ed como empresas de industria defensiva.<\/p>\n<p style=\"text-align: justify;\"><em><strong>ah\/fm<\/strong><\/em><\/p>\n","protected":false},"excerpt":{"rendered":"<p>Par\u00eds, 08 dic (SANA) La jefa del Bloque del Partido de Agrupaci\u00f3n Nacional en el Parlamento franc\u00e9s, Marine Le Pen, consider\u00f3 que la guerra energ\u00e9tica con Rusia en un momento en que Francia corta la electricidad y exige detener la calefacci\u00f3n es una pol\u00edtica est\u00fapida y miope. RT cit\u00f3 a Le Pen diciendo en una &hellip;<\/p>\n","protected":false},"author":30,"featured_media":265370,"comment_status":"closed","ping_status":"closed","sticky":false,"template":"","format":"standard","meta":{"footnotes":""},"categories":[456,20724],"tags":[],"class_list":["post-265369","post","type-post","status-publish","format-standard","has-post-thumbnail","","category-arabe-internacional-politica","category-minuto-a-minuto"],"_links":{"self":[{"href":"https:\/\/archive.sana.sy\/es\/index.php?rest_route=\/wp\/v2\/posts\/265369"}],"collection":[{"href":"https:\/\/archive.sana.sy\/es\/index.php?rest_route=\/wp\/v2\/posts"}],"about":[{"href":"https:\/\/archive.sana.sy\/es\/index.php?rest_route=\/wp\/v2\/types\/post"}],"author":[{"embeddable":true,"href":"https:\/\/archive.sana.sy\/es\/index.php?rest_route=\/wp\/v2\/users\/30"}],"replies":[{"embeddable":true,"href":"https:\/\/archive.sana.sy\/es\/index.php?rest_route=%2Fwp%2Fv2%2Fcomments&post=265369"}],"version-history":[{"count":0,"href":"https:\/\/archive.sana.sy\/es\/index.php?rest_route=\/wp\/v2\/posts\/265369\/revisions"}],"wp:featuredmedia":[{"embeddable":true,"href":"https:\/\/archive.sana.sy\/es\/index.php?rest_route=\/wp\/v2\/media\/265370"}],"wp:attachment":[{"href":"https:\/\/archive.sana.sy\/es\/index.php?rest_route=%2Fwp%2Fv2%2Fmedia&parent=265369"}],"wp:term":[{"taxonomy":"category","embeddable":true,"href":"https:\/\/archive.sana.sy\/es\/index.php?rest_route=%2Fwp%2Fv2%2Fcategories&post=265369"},{"taxonomy":"post_tag","embeddable":true,"href":"https:\/\/archive.sana.sy\/es\/index.php?rest_route=%2Fwp%2Fv2%2Ftags&post=265369"}],"curies":[{"name":"wp","href":"https:\/\/api.w.org\/{rel}","templated":true}]}}