{"id":265372,"date":"2022-12-08T17:03:54","date_gmt":"2022-12-08T15:03:54","guid":{"rendered":"http:\/\/107.6.182.27\/es\/?p=265372"},"modified":"2023-01-10T15:49:15","modified_gmt":"2023-01-10T13:49:15","slug":"hungria-se-opone-al-nuevo-paquete-de-sanciones-europeas-contra-rusia","status":"publish","type":"post","link":"https:\/\/archive.sana.sy\/es\/?p=265372","title":{"rendered":"Hungr\u00eda se opone al nuevo paquete de sanciones europeas contra Rusia"},"content":{"rendered":"<p style=\"text-align: justify;\"><span style=\"color: #800000;\"><strong>Budapest, 08 dic (SANA)<\/strong><\/span> Hungr\u00eda ha expresado su oposici\u00f3n al nuevo paquete de sanciones europeas contra Rusia.<\/p>\n<p style=\"text-align: justify;\">En una reuni\u00f3n de embajadores de la UE celebrada este lunes, Budapest vet\u00f3 un nuevo paquete de sanciones contra Rusia, as\u00ed como se opuso a una propuesta para duplicar la financiaci\u00f3n de la UE para suministrar armas a Ucrania y otros pa\u00edses, seg\u00fan difundi\u00f3 la agencia de noticias rusa TASS.<\/p>\n<p style=\"text-align: justify;\">La v\u00edspera, la Comisi\u00f3n Europea present\u00f3 otro paquete de sanciones contra Rusia que involucra a casi 200 personas f\u00edsicas y jur\u00eddicas, tres bancos, cuatro canales de televisi\u00f3n y empresas de la industria de defensa.<\/p>\n<p style=\"text-align: justify;\"><em><strong>ah\/fm<\/strong><\/em><\/p>\n","protected":false},"excerpt":{"rendered":"<p>Budapest, 08 dic (SANA) Hungr\u00eda ha expresado su oposici\u00f3n al nuevo paquete de sanciones europeas contra Rusia. En una reuni\u00f3n de embajadores de la UE celebrada este lunes, Budapest vet\u00f3 un nuevo paquete de sanciones contra Rusia, as\u00ed como se opuso a una propuesta para duplicar la financiaci\u00f3n de la UE para suministrar armas a &hellip;<\/p>\n","protected":false},"author":30,"featured_media":265373,"comment_status":"closed","ping_status":"closed","sticky":false,"template":"","format":"standard","meta":{"footnotes":""},"categories":[456,20724],"tags":[],"class_list":["post-265372","post","type-post","status-publish","format-standard","has-post-thumbnail","","category-arabe-internacional-politica","category-minuto-a-minuto"],"_links":{"self":[{"href":"https:\/\/archive.sana.sy\/es\/index.php?rest_route=\/wp\/v2\/posts\/265372"}],"collection":[{"href":"https:\/\/archive.sana.sy\/es\/index.php?rest_route=\/wp\/v2\/posts"}],"about":[{"href":"https:\/\/archive.sana.sy\/es\/index.php?rest_route=\/wp\/v2\/types\/post"}],"author":[{"embeddable":true,"href":"https:\/\/archive.sana.sy\/es\/index.php?rest_route=\/wp\/v2\/users\/30"}],"replies":[{"embeddable":true,"href":"https:\/\/archive.sana.sy\/es\/index.php?rest_route=%2Fwp%2Fv2%2Fcomments&post=265372"}],"version-history":[{"count":0,"href":"https:\/\/archive.sana.sy\/es\/index.php?rest_route=\/wp\/v2\/posts\/265372\/revisions"}],"wp:featuredmedia":[{"embeddable":true,"href":"https:\/\/archive.sana.sy\/es\/index.php?rest_route=\/wp\/v2\/media\/265373"}],"wp:attachment":[{"href":"https:\/\/archive.sana.sy\/es\/index.php?rest_route=%2Fwp%2Fv2%2Fmedia&parent=265372"}],"wp:term":[{"taxonomy":"category","embeddable":true,"href":"https:\/\/archive.sana.sy\/es\/index.php?rest_route=%2Fwp%2Fv2%2Fcategories&post=265372"},{"taxonomy":"post_tag","embeddable":true,"href":"https:\/\/archive.sana.sy\/es\/index.php?rest_route=%2Fwp%2Fv2%2Ftags&post=265372"}],"curies":[{"name":"wp","href":"https:\/\/api.w.org\/{rel}","templated":true}]}}