{"id":265389,"date":"2022-12-08T19:58:37","date_gmt":"2022-12-08T17:58:37","guid":{"rendered":"http:\/\/107.6.182.27\/es\/?p=265389"},"modified":"2022-12-08T19:58:37","modified_gmt":"2022-12-08T17:58:37","slug":"ocupantes-turcos-bombardean-localidades-al-noreste-de-siria","status":"publish","type":"post","link":"https:\/\/archive.sana.sy\/es\/?p=265389","title":{"rendered":"Ocupantes turcos bombardean localidades al noreste de Siria"},"content":{"rendered":"<p style=\"text-align: justify;\"><span style=\"color: #800000;\"><strong>Hasakeh, 08 dic (SANA)<\/strong> <\/span>El ej\u00e9rcito de ocupaci\u00f3n turco y las facciones mercenarias aliadas bombardearon varios pueblos y localidades pertenecientes al distrito de Tal Tamr en el noroccidente de Hasakeh.<\/p>\n<p style=\"text-align: justify;\">Fuentes locales confirmaron a SANA que la artiller\u00eda del ej\u00e9rcito turco apunt\u00f3 a las aldeas y pueblos de Tal Al Laban y Al Kozliyah, adem\u00e1s del pueblo de Umm Al Kher.<\/p>\n<p style=\"text-align: justify;\">Tras las incursiones se reportaron da\u00f1os materiales y la propagaci\u00f3n de un estado de p\u00e1nico entre la poblaci\u00f3n civil.<\/p>\n<p>mm<\/p>\n","protected":false},"excerpt":{"rendered":"<p>Hasakeh, 08 dic (SANA) El ej\u00e9rcito de ocupaci\u00f3n turco y las facciones mercenarias aliadas bombardearon varios pueblos y localidades pertenecientes al distrito de Tal Tamr en el noroccidente de Hasakeh. Fuentes locales confirmaron a SANA que la artiller\u00eda del ej\u00e9rcito turco apunt\u00f3 a las aldeas y pueblos de Tal Al Laban y Al Kozliyah, adem\u00e1s &hellip;<\/p>\n","protected":false},"author":36,"featured_media":265390,"comment_status":"closed","ping_status":"closed","sticky":false,"template":"","format":"standard","meta":{"footnotes":""},"categories":[597,573,20724,476,7541],"tags":[],"class_list":["post-265389","post","type-post","status-publish","format-standard","has-post-thumbnail","","category-cinta-de-noticias","category-la-realidad-de-los-acontecimientos-en-siria","category-minuto-a-minuto","category-locales","category-ultimas-noticias"],"_links":{"self":[{"href":"https:\/\/archive.sana.sy\/es\/index.php?rest_route=\/wp\/v2\/posts\/265389"}],"collection":[{"href":"https:\/\/archive.sana.sy\/es\/index.php?rest_route=\/wp\/v2\/posts"}],"about":[{"href":"https:\/\/archive.sana.sy\/es\/index.php?rest_route=\/wp\/v2\/types\/post"}],"author":[{"embeddable":true,"href":"https:\/\/archive.sana.sy\/es\/index.php?rest_route=\/wp\/v2\/users\/36"}],"replies":[{"embeddable":true,"href":"https:\/\/archive.sana.sy\/es\/index.php?rest_route=%2Fwp%2Fv2%2Fcomments&post=265389"}],"version-history":[{"count":0,"href":"https:\/\/archive.sana.sy\/es\/index.php?rest_route=\/wp\/v2\/posts\/265389\/revisions"}],"wp:featuredmedia":[{"embeddable":true,"href":"https:\/\/archive.sana.sy\/es\/index.php?rest_route=\/wp\/v2\/media\/265390"}],"wp:attachment":[{"href":"https:\/\/archive.sana.sy\/es\/index.php?rest_route=%2Fwp%2Fv2%2Fmedia&parent=265389"}],"wp:term":[{"taxonomy":"category","embeddable":true,"href":"https:\/\/archive.sana.sy\/es\/index.php?rest_route=%2Fwp%2Fv2%2Fcategories&post=265389"},{"taxonomy":"post_tag","embeddable":true,"href":"https:\/\/archive.sana.sy\/es\/index.php?rest_route=%2Fwp%2Fv2%2Ftags&post=265389"}],"curies":[{"name":"wp","href":"https:\/\/api.w.org\/{rel}","templated":true}]}}