{"id":265429,"date":"2022-12-09T09:22:04","date_gmt":"2022-12-09T07:22:04","guid":{"rendered":"http:\/\/107.6.182.27\/es\/?p=265429"},"modified":"2023-01-10T15:49:14","modified_gmt":"2023-01-10T13:49:14","slug":"la-otan-dedica-fondos-de-afganistan-para-ucrania","status":"publish","type":"post","link":"https:\/\/archive.sana.sy\/es\/?p=265429","title":{"rendered":"La OTAN dedica fondos de Afganist\u00e1n para Ucrania"},"content":{"rendered":"<p style=\"text-align: justify;\"><span style=\"color: #800000;\"><strong>Bruselas, 09 dic (SANA)<\/strong><\/span> Los pa\u00edses OTAN pretenden usar en favor de Ucrania los fondos sobrantes de una fuente de dinero que originalmente hab\u00eda sido creada para respaldar a las fuerzas armadas afganas, divulg\u00f3 Sputnik citando al medio estadounidense \u201cPolitico\u201d.<\/p>\n<p style=\"text-align: justify;\">El Gobierno ucraniano realiz\u00f3 la petici\u00f3n para que el dinero del Fondo Fiduciario del Ej\u00e9rcito Nacional Afgano sea destinado a Kiev para seguir financiando al Ej\u00e9rcito ucraniano.<\/p>\n<p style=\"text-align: justify;\">\u201cKiev ha pedido a las naciones de la OTAN que consideren reasignar parte de los 3.400 millones de d\u00f3lares para ayudar a respaldar sus esfuerzos para luchar contra Rusia\u201d, inform\u00f3 el medio citando declaraciones de funcionarios que pidieron permanecer en el anonimato para evitar represalias.<\/p>\n<p style=\"text-align: justify;\"><em><strong>ah\/fm<\/strong><\/em><\/p>\n","protected":false},"excerpt":{"rendered":"<p>Bruselas, 09 dic (SANA) Los pa\u00edses OTAN pretenden usar en favor de Ucrania los fondos sobrantes de una fuente de dinero que originalmente hab\u00eda sido creada para respaldar a las fuerzas armadas afganas, divulg\u00f3 Sputnik citando al medio estadounidense \u201cPolitico\u201d. El Gobierno ucraniano realiz\u00f3 la petici\u00f3n para que el dinero del Fondo Fiduciario del Ej\u00e9rcito &hellip;<\/p>\n","protected":false},"author":30,"featured_media":265430,"comment_status":"closed","ping_status":"closed","sticky":false,"template":"","format":"standard","meta":{"footnotes":""},"categories":[456,20724],"tags":[],"class_list":["post-265429","post","type-post","status-publish","format-standard","has-post-thumbnail","","category-arabe-internacional-politica","category-minuto-a-minuto"],"_links":{"self":[{"href":"https:\/\/archive.sana.sy\/es\/index.php?rest_route=\/wp\/v2\/posts\/265429"}],"collection":[{"href":"https:\/\/archive.sana.sy\/es\/index.php?rest_route=\/wp\/v2\/posts"}],"about":[{"href":"https:\/\/archive.sana.sy\/es\/index.php?rest_route=\/wp\/v2\/types\/post"}],"author":[{"embeddable":true,"href":"https:\/\/archive.sana.sy\/es\/index.php?rest_route=\/wp\/v2\/users\/30"}],"replies":[{"embeddable":true,"href":"https:\/\/archive.sana.sy\/es\/index.php?rest_route=%2Fwp%2Fv2%2Fcomments&post=265429"}],"version-history":[{"count":0,"href":"https:\/\/archive.sana.sy\/es\/index.php?rest_route=\/wp\/v2\/posts\/265429\/revisions"}],"wp:featuredmedia":[{"embeddable":true,"href":"https:\/\/archive.sana.sy\/es\/index.php?rest_route=\/wp\/v2\/media\/265430"}],"wp:attachment":[{"href":"https:\/\/archive.sana.sy\/es\/index.php?rest_route=%2Fwp%2Fv2%2Fmedia&parent=265429"}],"wp:term":[{"taxonomy":"category","embeddable":true,"href":"https:\/\/archive.sana.sy\/es\/index.php?rest_route=%2Fwp%2Fv2%2Fcategories&post=265429"},{"taxonomy":"post_tag","embeddable":true,"href":"https:\/\/archive.sana.sy\/es\/index.php?rest_route=%2Fwp%2Fv2%2Ftags&post=265429"}],"curies":[{"name":"wp","href":"https:\/\/api.w.org\/{rel}","templated":true}]}}