{"id":265467,"date":"2022-12-09T15:19:41","date_gmt":"2022-12-09T13:19:41","guid":{"rendered":"http:\/\/107.6.182.27\/es\/?p=265467"},"modified":"2023-01-10T15:49:12","modified_gmt":"2023-01-10T13:49:12","slug":"danos-materiales-por-bombardeos-ucranianos-contra-la-ciudad-de-donetsk","status":"publish","type":"post","link":"https:\/\/archive.sana.sy\/es\/?p=265467","title":{"rendered":"Da\u00f1os materiales por bombardeos ucranianos contra la ciudad de Donetsk"},"content":{"rendered":"<p style=\"text-align: justify;\"><span style=\"color: #800000;\"><strong>Mosc\u00fa, 09 dic (SANA)\u00a0 \u00a0<\/strong><\/span>La oficina de representaci\u00f3n de la Rep\u00fablica Popular de Donetsk anunci\u00f3 que el r\u00e9gimen de Kiev apunt\u00f3 con misiles al centro de la ciudad de Donetsk, lo que provoc\u00f3 da\u00f1os materiales.<\/p>\n<p style=\"text-align: justify;\">A su vez, el alcalde de la ciudad, Alexey Kolymzin, inform\u00f3 que las tropas ucranianas atacaron Donetsk con misiles Grad, y se\u00f1al\u00f3 que el bombardeo ucraniano tuvo como objetivo el \u00e1rea de la sede del gobierno y el Hotel Druzhba en el centro de la ciudad.<\/p>\n<p style=\"text-align: justify;\">Las autoridades de Donetsk hab\u00edan anunciado que las fuerzas ucranianas bombardearon el territorio de la Rep\u00fablica 93 veces durante las \u00faltimas 24 horas.<\/p>\n<p style=\"text-align: justify;\">sm<\/p>\n","protected":false},"excerpt":{"rendered":"<p>Mosc\u00fa, 09 dic (SANA)\u00a0 \u00a0La oficina de representaci\u00f3n de la Rep\u00fablica Popular de Donetsk anunci\u00f3 que el r\u00e9gimen de Kiev apunt\u00f3 con misiles al centro de la ciudad de Donetsk, lo que provoc\u00f3 da\u00f1os materiales. A su vez, el alcalde de la ciudad, Alexey Kolymzin, inform\u00f3 que las tropas ucranianas atacaron Donetsk con misiles Grad, &hellip;<\/p>\n","protected":false},"author":39,"featured_media":265468,"comment_status":"closed","ping_status":"closed","sticky":false,"template":"","format":"standard","meta":{"footnotes":""},"categories":[597,456,20724,7541],"tags":[20300,20684,20764],"class_list":["post-265467","post","type-post","status-publish","format-standard","has-post-thumbnail","","category-cinta-de-noticias","category-arabe-internacional-politica","category-minuto-a-minuto","category-ultimas-noticias","tag-bombardeos","tag-donetsk","tag-ucranianos"],"_links":{"self":[{"href":"https:\/\/archive.sana.sy\/es\/index.php?rest_route=\/wp\/v2\/posts\/265467"}],"collection":[{"href":"https:\/\/archive.sana.sy\/es\/index.php?rest_route=\/wp\/v2\/posts"}],"about":[{"href":"https:\/\/archive.sana.sy\/es\/index.php?rest_route=\/wp\/v2\/types\/post"}],"author":[{"embeddable":true,"href":"https:\/\/archive.sana.sy\/es\/index.php?rest_route=\/wp\/v2\/users\/39"}],"replies":[{"embeddable":true,"href":"https:\/\/archive.sana.sy\/es\/index.php?rest_route=%2Fwp%2Fv2%2Fcomments&post=265467"}],"version-history":[{"count":0,"href":"https:\/\/archive.sana.sy\/es\/index.php?rest_route=\/wp\/v2\/posts\/265467\/revisions"}],"wp:featuredmedia":[{"embeddable":true,"href":"https:\/\/archive.sana.sy\/es\/index.php?rest_route=\/wp\/v2\/media\/265468"}],"wp:attachment":[{"href":"https:\/\/archive.sana.sy\/es\/index.php?rest_route=%2Fwp%2Fv2%2Fmedia&parent=265467"}],"wp:term":[{"taxonomy":"category","embeddable":true,"href":"https:\/\/archive.sana.sy\/es\/index.php?rest_route=%2Fwp%2Fv2%2Fcategories&post=265467"},{"taxonomy":"post_tag","embeddable":true,"href":"https:\/\/archive.sana.sy\/es\/index.php?rest_route=%2Fwp%2Fv2%2Ftags&post=265467"}],"curies":[{"name":"wp","href":"https:\/\/api.w.org\/{rel}","templated":true}]}}