{"id":265608,"date":"2022-12-10T19:35:56","date_gmt":"2022-12-10T17:35:56","guid":{"rendered":"http:\/\/107.6.182.27\/es\/?p=265608"},"modified":"2023-01-10T15:49:09","modified_gmt":"2023-01-10T13:49:09","slug":"no-entendi-por-que-no-se-lanzo-antes-comenta-viktor-but-sobre-la-operacion-militar-en-ucrania","status":"publish","type":"post","link":"https:\/\/archive.sana.sy\/es\/?p=265608","title":{"rendered":"&#8220;No entend\u00ed por qu\u00e9 no se lanz\u00f3 antes&#8221;, comenta V\u00edktor But sobre la operaci\u00f3n militar en Ucrania"},"content":{"rendered":"<p style=\"text-align: justify;\"><span style=\"color: #800000;\"><strong>Mosc\u00fa, 10 dic (SANA)<\/strong><\/span>\u00a0 \u00a0Rusia deber\u00eda haber empezado su operaci\u00f3n militar especial en Ucrania mucho antes, opina &#8220;V\u00edktor But&#8221;, el empresario ruso liberado esta semana de una prisi\u00f3n estadounidense.<\/p>\n<p style=\"text-align: justify;\">En declaraciones a RT, admiti\u00f3 que habr\u00eda ido al frente como voluntario de haber estado capacitado para ello.<\/p>\n<p style=\"text-align: justify;\">&#8220;But&#8221; se\u00f1al\u00f3 que cuando supo que la operaci\u00f3n militar rusa en Ucrania hab\u00eda comenzado, el pasado 24 de febrero, no entendi\u00f3 &#8220;por qu\u00e9 no se lanz\u00f3 antes&#8221;.<\/p>\n<p style=\"text-align: justify;\">El empresario, que fue condenado a 25 a\u00f1os de prisi\u00f3n en EE.UU., record\u00f3 que ya sal\u00edan manifestantes a las calles de las ciudades ucranianas de J\u00e1rkov, Odesa y en la regi\u00f3n de Donbass ya en 2014.<\/p>\n<p style=\"text-align: justify;\">El empresario ruso regres\u00f3 este jueves a Mosc\u00fa, tras ser canjeado por la baloncestista estadounidense &#8220;Brittney Griner&#8221;.<\/p>\n<p style=\"text-align: justify;\">fm\/rr<\/p>\n","protected":false},"excerpt":{"rendered":"<p>Mosc\u00fa, 10 dic (SANA)\u00a0 \u00a0Rusia deber\u00eda haber empezado su operaci\u00f3n militar especial en Ucrania mucho antes, opina &#8220;V\u00edktor But&#8221;, el empresario ruso liberado esta semana de una prisi\u00f3n estadounidense. En declaraciones a RT, admiti\u00f3 que habr\u00eda ido al frente como voluntario de haber estado capacitado para ello. &#8220;But&#8221; se\u00f1al\u00f3 que cuando supo que la operaci\u00f3n &hellip;<\/p>\n","protected":false},"author":31,"featured_media":265609,"comment_status":"closed","ping_status":"closed","sticky":false,"template":"","format":"standard","meta":{"footnotes":""},"categories":[456],"tags":[],"class_list":["post-265608","post","type-post","status-publish","format-standard","has-post-thumbnail","","category-arabe-internacional-politica"],"_links":{"self":[{"href":"https:\/\/archive.sana.sy\/es\/index.php?rest_route=\/wp\/v2\/posts\/265608"}],"collection":[{"href":"https:\/\/archive.sana.sy\/es\/index.php?rest_route=\/wp\/v2\/posts"}],"about":[{"href":"https:\/\/archive.sana.sy\/es\/index.php?rest_route=\/wp\/v2\/types\/post"}],"author":[{"embeddable":true,"href":"https:\/\/archive.sana.sy\/es\/index.php?rest_route=\/wp\/v2\/users\/31"}],"replies":[{"embeddable":true,"href":"https:\/\/archive.sana.sy\/es\/index.php?rest_route=%2Fwp%2Fv2%2Fcomments&post=265608"}],"version-history":[{"count":0,"href":"https:\/\/archive.sana.sy\/es\/index.php?rest_route=\/wp\/v2\/posts\/265608\/revisions"}],"wp:featuredmedia":[{"embeddable":true,"href":"https:\/\/archive.sana.sy\/es\/index.php?rest_route=\/wp\/v2\/media\/265609"}],"wp:attachment":[{"href":"https:\/\/archive.sana.sy\/es\/index.php?rest_route=%2Fwp%2Fv2%2Fmedia&parent=265608"}],"wp:term":[{"taxonomy":"category","embeddable":true,"href":"https:\/\/archive.sana.sy\/es\/index.php?rest_route=%2Fwp%2Fv2%2Fcategories&post=265608"},{"taxonomy":"post_tag","embeddable":true,"href":"https:\/\/archive.sana.sy\/es\/index.php?rest_route=%2Fwp%2Fv2%2Ftags&post=265608"}],"curies":[{"name":"wp","href":"https:\/\/api.w.org\/{rel}","templated":true}]}}