{"id":265615,"date":"2022-12-11T07:07:47","date_gmt":"2022-12-11T05:07:47","guid":{"rendered":"http:\/\/107.6.182.27\/es\/?p=265615"},"modified":"2023-01-10T15:49:09","modified_gmt":"2023-01-10T13:49:09","slug":"carta-de-pedro-castillo-denuncia-plan-maquiavelico-en-su-contra","status":"publish","type":"post","link":"https:\/\/archive.sana.sy\/es\/?p=265615","title":{"rendered":"Carta de Pedro Castillo denuncia &#8220;plan maquiav\u00e9lico&#8221; en su contra"},"content":{"rendered":"<blockquote>\n<p style=\"text-align: justify;\"><span style=\"color: #ff0000;\"><strong>La misiva, en la que Castillo acusa a &#8220;una fiscal sin rostro&#8221; y &#8220;un grupo de m\u00e9dicos camuflados&#8221; de intentar sacarle una muestra de sangre sin su consentimiento, supone la primera vez que el pol\u00edtico se pronuncia desde su detenci\u00f3n.<\/strong><\/span><\/p>\n<\/blockquote>\n<p style=\"text-align: justify;\"><span style=\"color: #800000;\"><strong>Lima, 11 dic (SANA)<\/strong> <\/span>El congresista peruano Guillermo Bermejo comparti\u00f3 en su cuenta de Twitter la foto de una carta de Pedro Castillo, en la que este \u00faltimo denuncia un &#8220;plan maquiav\u00e9lico&#8221; en su contra, difundi\u00f3 la cadena RT.<\/p>\n<p style=\"text-align: justify;\">&#8220;Hoy visit\u00e9 al presidente Pedro Castillo y me autoriz\u00f3 a difundir esta carta con su firma&#8221;, escribi\u00f3 el legislador.<\/p>\n<p style=\"text-align: justify;\">La misiva, en la que Castillo acusa a &#8220;una fiscal sin rostro&#8221; y &#8220;un grupo de m\u00e9dicos camuflados&#8221; de intentar sacarle una muestra de sangre sin su consentimiento, supone la primera vez que el pol\u00edtico se pronuncia desde su detenci\u00f3n.<\/p>\n<p style=\"text-align: justify;\">&#8220;No descarto que este plan maquiav\u00e9lico est\u00e9 dirigido por la Sra. fiscal de la naci\u00f3n, el presidente del Congreso, y la Sra. Dina Boluarte&#8221;, rez\u00f3 la carta.<\/p>\n<p style=\"text-align: justify;\"><em><strong>fm\/ws<\/strong><\/em><\/p>\n","protected":false},"excerpt":{"rendered":"<p>La misiva, en la que Castillo acusa a &#8220;una fiscal sin rostro&#8221; y &#8220;un grupo de m\u00e9dicos camuflados&#8221; de intentar sacarle una muestra de sangre sin su consentimiento, supone la primera vez que el pol\u00edtico se pronuncia desde su detenci\u00f3n. Lima, 11 dic (SANA) El congresista peruano Guillermo Bermejo comparti\u00f3 en su cuenta de Twitter &hellip;<\/p>\n","protected":false},"author":35,"featured_media":265616,"comment_status":"closed","ping_status":"closed","sticky":false,"template":"","format":"standard","meta":{"footnotes":""},"categories":[597,456,7541],"tags":[],"class_list":["post-265615","post","type-post","status-publish","format-standard","has-post-thumbnail","","category-cinta-de-noticias","category-arabe-internacional-politica","category-ultimas-noticias"],"_links":{"self":[{"href":"https:\/\/archive.sana.sy\/es\/index.php?rest_route=\/wp\/v2\/posts\/265615"}],"collection":[{"href":"https:\/\/archive.sana.sy\/es\/index.php?rest_route=\/wp\/v2\/posts"}],"about":[{"href":"https:\/\/archive.sana.sy\/es\/index.php?rest_route=\/wp\/v2\/types\/post"}],"author":[{"embeddable":true,"href":"https:\/\/archive.sana.sy\/es\/index.php?rest_route=\/wp\/v2\/users\/35"}],"replies":[{"embeddable":true,"href":"https:\/\/archive.sana.sy\/es\/index.php?rest_route=%2Fwp%2Fv2%2Fcomments&post=265615"}],"version-history":[{"count":0,"href":"https:\/\/archive.sana.sy\/es\/index.php?rest_route=\/wp\/v2\/posts\/265615\/revisions"}],"wp:featuredmedia":[{"embeddable":true,"href":"https:\/\/archive.sana.sy\/es\/index.php?rest_route=\/wp\/v2\/media\/265616"}],"wp:attachment":[{"href":"https:\/\/archive.sana.sy\/es\/index.php?rest_route=%2Fwp%2Fv2%2Fmedia&parent=265615"}],"wp:term":[{"taxonomy":"category","embeddable":true,"href":"https:\/\/archive.sana.sy\/es\/index.php?rest_route=%2Fwp%2Fv2%2Fcategories&post=265615"},{"taxonomy":"post_tag","embeddable":true,"href":"https:\/\/archive.sana.sy\/es\/index.php?rest_route=%2Fwp%2Fv2%2Ftags&post=265615"}],"curies":[{"name":"wp","href":"https:\/\/api.w.org\/{rel}","templated":true}]}}