{"id":265671,"date":"2022-12-11T17:58:32","date_gmt":"2022-12-11T15:58:32","guid":{"rendered":"http:\/\/107.6.182.27\/es\/?p=265671"},"modified":"2022-12-11T18:02:41","modified_gmt":"2022-12-11T16:02:41","slug":"ocupante-turco-y-sus-mercenarios-bombardean-dos-pueblos-en-hasakeh","status":"publish","type":"post","link":"https:\/\/archive.sana.sy\/es\/?p=265671","title":{"rendered":"Ocupante turco y sus mercenarios bombardean dos pueblos en Hasakeh"},"content":{"rendered":"<p style=\"text-align: justify;\"><span style=\"color: #800000;\"><strong>Hasakeh, 11 dic (SANA)\u00a0<\/strong><\/span> \u00a0Las fuerzas de ocupaci\u00f3n turcas y sus mercenarios terroristas bombardearon dos pueblos en la localidad de Tal Tamr al noroeste de la provincia de Hasakeh.<\/p>\n<p style=\"text-align: justify;\">Activistas locales informaron a SANA que varios proyectiles fueron lanzados hoy desde la base ilegal turca de Tal Mandal en el extremo norte de Hasakeh.<\/p>\n<p style=\"text-align: justify;\">Detallaron que los obuses cayeron en los pueblos de Tal al-Laban y al-Kozliyeh, al oeste de Tal Tamr, causando da\u00f1os en la infraestructura.<\/p>\n<p style=\"text-align: justify;\">La v\u00edspera, los continuos bombardeos del ocupante turco contra la ciudad de Abu Rasin, al norte de Hasakeh, provocaron masiva desplazamiento de residentes, adem\u00e1s de da\u00f1os materiales en la mayor\u00eda de las viviendas, calles y tierras agr\u00edcolas.<\/p>\n<p style=\"text-align: justify;\">rr\/fm<\/p>\n","protected":false},"excerpt":{"rendered":"<p>Hasakeh, 11 dic (SANA)\u00a0 \u00a0Las fuerzas de ocupaci\u00f3n turcas y sus mercenarios terroristas bombardearon dos pueblos en la localidad de Tal Tamr al noroeste de la provincia de Hasakeh. Activistas locales informaron a SANA que varios proyectiles fueron lanzados hoy desde la base ilegal turca de Tal Mandal en el extremo norte de Hasakeh. Detallaron &hellip;<\/p>\n","protected":false},"author":31,"featured_media":265672,"comment_status":"closed","ping_status":"closed","sticky":false,"template":"","format":"standard","meta":{"footnotes":""},"categories":[477,597,476,583],"tags":[],"class_list":["post-265671","post","type-post","status-publish","format-standard","has-post-thumbnail","","category-noticias-edulcorantes","category-cinta-de-noticias","category-locales","category-slide"],"_links":{"self":[{"href":"https:\/\/archive.sana.sy\/es\/index.php?rest_route=\/wp\/v2\/posts\/265671"}],"collection":[{"href":"https:\/\/archive.sana.sy\/es\/index.php?rest_route=\/wp\/v2\/posts"}],"about":[{"href":"https:\/\/archive.sana.sy\/es\/index.php?rest_route=\/wp\/v2\/types\/post"}],"author":[{"embeddable":true,"href":"https:\/\/archive.sana.sy\/es\/index.php?rest_route=\/wp\/v2\/users\/31"}],"replies":[{"embeddable":true,"href":"https:\/\/archive.sana.sy\/es\/index.php?rest_route=%2Fwp%2Fv2%2Fcomments&post=265671"}],"version-history":[{"count":0,"href":"https:\/\/archive.sana.sy\/es\/index.php?rest_route=\/wp\/v2\/posts\/265671\/revisions"}],"wp:featuredmedia":[{"embeddable":true,"href":"https:\/\/archive.sana.sy\/es\/index.php?rest_route=\/wp\/v2\/media\/265672"}],"wp:attachment":[{"href":"https:\/\/archive.sana.sy\/es\/index.php?rest_route=%2Fwp%2Fv2%2Fmedia&parent=265671"}],"wp:term":[{"taxonomy":"category","embeddable":true,"href":"https:\/\/archive.sana.sy\/es\/index.php?rest_route=%2Fwp%2Fv2%2Fcategories&post=265671"},{"taxonomy":"post_tag","embeddable":true,"href":"https:\/\/archive.sana.sy\/es\/index.php?rest_route=%2Fwp%2Fv2%2Ftags&post=265671"}],"curies":[{"name":"wp","href":"https:\/\/api.w.org\/{rel}","templated":true}]}}