{"id":265694,"date":"2022-12-11T20:12:44","date_gmt":"2022-12-11T18:12:44","guid":{"rendered":"http:\/\/107.6.182.27\/es\/?p=265694"},"modified":"2023-01-10T15:49:06","modified_gmt":"2023-01-10T13:49:06","slug":"zajarova-la-ue-lleva-anos-planeando-agravar-la-situacion-en-kosovo","status":"publish","type":"post","link":"https:\/\/archive.sana.sy\/es\/?p=265694","title":{"rendered":"Zaj\u00e1rova: La UE lleva a\u00f1os planeando agravar la situaci\u00f3n en Kosovo"},"content":{"rendered":"<p style=\"text-align: justify;\"><strong><span style=\"color: #800000;\">Mosc\u00fa, 11 dic (SANA)\u00a0<\/span><\/strong> La portavoz del Ministerio de Relaciones Exteriores de Rusia, Mar\u00eda Zaj\u00e1rova, dijo hoy que la Uni\u00f3n Europea hab\u00eda planeado durante a\u00f1os para generar la actual situaci\u00f3n tensa en Kosovo.<\/p>\n<p style=\"text-align: justify;\">\u201cEl pa\u00eds est\u00e1 al borde de la guerra por Kosovo como resultado de la inacci\u00f3n de la Uni\u00f3n Europea\u201d, manifest\u00f3 la vocera en su comentario sobre la declaraci\u00f3n de la primera ministra serbia Ana Brnabi\u0107<\/p>\n<p style=\"text-align: justify;\">Sobre el mismo tema, la jefa del Centro para el Estudio de la Crisis de los Balcanes en el Instituto de Estudios Eslavos de la Academia Rusa de Ciencias, Elena Guskova, dijo que \u201cla situaci\u00f3n en Kosovo y Metohija puede convertirse en un conflicto armado antes del nuevo a\u00f1o si las estructuras europeas y las Naciones Unidas no empiezan a resolver este problema en un futuro pr\u00f3ximo\u201d.<\/p>\n<p style=\"text-align: justify;\">Rusia inst\u00f3 anteriormente a las autoridades de Kosovo, a Estados Unidos y a la Uni\u00f3n Europea que detengan las provocaciones en la regi\u00f3n de Kosovo y respeten los derechos de los serbios all\u00ed.<\/p>\n<p style=\"text-align: justify;\">lch\/fm<\/p>\n","protected":false},"excerpt":{"rendered":"<p>Mosc\u00fa, 11 dic (SANA)\u00a0 La portavoz del Ministerio de Relaciones Exteriores de Rusia, Mar\u00eda Zaj\u00e1rova, dijo hoy que la Uni\u00f3n Europea hab\u00eda planeado durante a\u00f1os para generar la actual situaci\u00f3n tensa en Kosovo. \u201cEl pa\u00eds est\u00e1 al borde de la guerra por Kosovo como resultado de la inacci\u00f3n de la Uni\u00f3n Europea\u201d, manifest\u00f3 la vocera &hellip;<\/p>\n","protected":false},"author":41,"featured_media":265695,"comment_status":"closed","ping_status":"closed","sticky":false,"template":"","format":"standard","meta":{"footnotes":""},"categories":[456,457],"tags":[20776,6695],"class_list":["post-265694","post","type-post","status-publish","format-standard","has-post-thumbnail","","category-arabe-internacional-politica","category-noticias-arabe-internacional-politica","tag-kosovo","tag-rusia"],"_links":{"self":[{"href":"https:\/\/archive.sana.sy\/es\/index.php?rest_route=\/wp\/v2\/posts\/265694"}],"collection":[{"href":"https:\/\/archive.sana.sy\/es\/index.php?rest_route=\/wp\/v2\/posts"}],"about":[{"href":"https:\/\/archive.sana.sy\/es\/index.php?rest_route=\/wp\/v2\/types\/post"}],"author":[{"embeddable":true,"href":"https:\/\/archive.sana.sy\/es\/index.php?rest_route=\/wp\/v2\/users\/41"}],"replies":[{"embeddable":true,"href":"https:\/\/archive.sana.sy\/es\/index.php?rest_route=%2Fwp%2Fv2%2Fcomments&post=265694"}],"version-history":[{"count":0,"href":"https:\/\/archive.sana.sy\/es\/index.php?rest_route=\/wp\/v2\/posts\/265694\/revisions"}],"wp:featuredmedia":[{"embeddable":true,"href":"https:\/\/archive.sana.sy\/es\/index.php?rest_route=\/wp\/v2\/media\/265695"}],"wp:attachment":[{"href":"https:\/\/archive.sana.sy\/es\/index.php?rest_route=%2Fwp%2Fv2%2Fmedia&parent=265694"}],"wp:term":[{"taxonomy":"category","embeddable":true,"href":"https:\/\/archive.sana.sy\/es\/index.php?rest_route=%2Fwp%2Fv2%2Fcategories&post=265694"},{"taxonomy":"post_tag","embeddable":true,"href":"https:\/\/archive.sana.sy\/es\/index.php?rest_route=%2Fwp%2Fv2%2Ftags&post=265694"}],"curies":[{"name":"wp","href":"https:\/\/api.w.org\/{rel}","templated":true}]}}