{"id":265716,"date":"2022-12-12T09:20:28","date_gmt":"2022-12-12T07:20:28","guid":{"rendered":"http:\/\/107.6.182.27\/es\/?p=265716"},"modified":"2023-01-10T15:49:05","modified_gmt":"2023-01-10T13:49:05","slug":"nina-palestina-asesinada-por-militares-israelies-en-jenin","status":"publish","type":"post","link":"https:\/\/archive.sana.sy\/es\/?p=265716","title":{"rendered":"Ni\u00f1a palestina asesinada por militares israel\u00edes en Jenin"},"content":{"rendered":"<blockquote>\n<p style=\"text-align: justify;\"><span style=\"color: #ff0000;\"><strong>Cerca de 50 ni\u00f1os han sido asesinados a manos de militares israel\u00edes desde principios de 2022, incluidos 32 ni\u00f1os en Cisjordania y 17 en la Franja de Gaza.<\/strong><\/span><\/p>\n<\/blockquote>\n<p style=\"text-align: justify;\">J<span style=\"color: #800000;\"><strong>erusal\u00e9n ocupada, 12 dic (SANA)\u00a0<\/strong><\/span> Una ni\u00f1a palestina perdi\u00f3 su vida esta madrugada por disparos de las fuerzas de ocupaci\u00f3n israel\u00edes, durante una redada de sus militares contra la ciudad de Jenin, al norte de Cisjordania.<\/p>\n<p>Seg\u00fan inform\u00f3 la agencia palestina Wafa, la peque\u00f1a yana Maydi Zakarneh fue asesinada por las tropas sionistas que le dispararan en la cabeza durante el asalto contra el barrio oriental de Jenin.<\/p>\n<p>Cerca de 50 ni\u00f1os han sido asesinados a manos de militares israel\u00edes desde principios de 2022, incluidos 32 ni\u00f1os en Cisjordania y 17 en la Franja de Gaza.<\/p>\n<p><strong><em>ws\/fm<\/em><\/strong><\/p>\n","protected":false},"excerpt":{"rendered":"<p>Cerca de 50 ni\u00f1os han sido asesinados a manos de militares israel\u00edes desde principios de 2022, incluidos 32 ni\u00f1os en Cisjordania y 17 en la Franja de Gaza. Jerusal\u00e9n ocupada, 12 dic (SANA)\u00a0 Una ni\u00f1a palestina perdi\u00f3 su vida esta madrugada por disparos de las fuerzas de ocupaci\u00f3n israel\u00edes, durante una redada de sus militares &hellip;<\/p>\n","protected":false},"author":35,"featured_media":265721,"comment_status":"closed","ping_status":"closed","sticky":false,"template":"","format":"standard","meta":{"footnotes":""},"categories":[597,456,20724,583],"tags":[],"class_list":["post-265716","post","type-post","status-publish","format-standard","has-post-thumbnail","","category-cinta-de-noticias","category-arabe-internacional-politica","category-minuto-a-minuto","category-slide"],"_links":{"self":[{"href":"https:\/\/archive.sana.sy\/es\/index.php?rest_route=\/wp\/v2\/posts\/265716"}],"collection":[{"href":"https:\/\/archive.sana.sy\/es\/index.php?rest_route=\/wp\/v2\/posts"}],"about":[{"href":"https:\/\/archive.sana.sy\/es\/index.php?rest_route=\/wp\/v2\/types\/post"}],"author":[{"embeddable":true,"href":"https:\/\/archive.sana.sy\/es\/index.php?rest_route=\/wp\/v2\/users\/35"}],"replies":[{"embeddable":true,"href":"https:\/\/archive.sana.sy\/es\/index.php?rest_route=%2Fwp%2Fv2%2Fcomments&post=265716"}],"version-history":[{"count":0,"href":"https:\/\/archive.sana.sy\/es\/index.php?rest_route=\/wp\/v2\/posts\/265716\/revisions"}],"wp:featuredmedia":[{"embeddable":true,"href":"https:\/\/archive.sana.sy\/es\/index.php?rest_route=\/wp\/v2\/media\/265721"}],"wp:attachment":[{"href":"https:\/\/archive.sana.sy\/es\/index.php?rest_route=%2Fwp%2Fv2%2Fmedia&parent=265716"}],"wp:term":[{"taxonomy":"category","embeddable":true,"href":"https:\/\/archive.sana.sy\/es\/index.php?rest_route=%2Fwp%2Fv2%2Fcategories&post=265716"},{"taxonomy":"post_tag","embeddable":true,"href":"https:\/\/archive.sana.sy\/es\/index.php?rest_route=%2Fwp%2Fv2%2Ftags&post=265716"}],"curies":[{"name":"wp","href":"https:\/\/api.w.org\/{rel}","templated":true}]}}