{"id":265717,"date":"2022-12-12T09:17:47","date_gmt":"2022-12-12T07:17:47","guid":{"rendered":"http:\/\/107.6.182.27\/es\/?p=265717"},"modified":"2023-01-10T15:49:05","modified_gmt":"2023-01-10T13:49:05","slug":"ucrania-bombardea-con-misiles-la-ciudad-de-gorlivka-en-donetsk","status":"publish","type":"post","link":"https:\/\/archive.sana.sy\/es\/?p=265717","title":{"rendered":"Ucrania bombardea con misiles la ciudad de Gorlivka en Donetsk"},"content":{"rendered":"<blockquote>\n<p style=\"text-align: justify;\"><strong>El \u00faltimo domingo, las fuerzas ucranianas bombardearon la Rep\u00fablica de Donetsk con 20 cohetes Grad y proyectiles de artiller\u00eda de 155 mm.<\/strong><\/p>\n<\/blockquote>\n<p><span style=\"color: #800000;\"><strong>Donetsk, 12 dic (SANA)\u00a0<\/strong> <\/span>\u00a0 Las autoridades de la Rep\u00fablica Popular de Donetsk informaron hoy que las tropas ucranianas bombardearon con misiles la ciudad de Gorlivka.<\/p>\n<p style=\"text-align: justify;\">La representante de la Rep\u00fablica en el Centro Conjunto para el Monitoreo y Coordinaci\u00f3n de Casos Relacionados con Cr\u00edmenes de Guerra de Ucrania inform\u00f3 en comunicado, que Gorlivka fue atacada con cinco proyectiles de artiller\u00eda de 152 mm.<\/p>\n<p style=\"text-align: justify;\">El \u00faltimo domingo, las fuerzas ucranianas bombardearon la Rep\u00fablica de Donetsk con 20 cohetes Grad y proyectiles de artiller\u00eda de 155 mm.<\/p>\n<p>ed\/fm<\/p>\n","protected":false},"excerpt":{"rendered":"<p>El \u00faltimo domingo, las fuerzas ucranianas bombardearon la Rep\u00fablica de Donetsk con 20 cohetes Grad y proyectiles de artiller\u00eda de 155 mm. Donetsk, 12 dic (SANA)\u00a0 \u00a0 Las autoridades de la Rep\u00fablica Popular de Donetsk informaron hoy que las tropas ucranianas bombardearon con misiles la ciudad de Gorlivka. La representante de la Rep\u00fablica en el &hellip;<\/p>\n","protected":false},"author":32,"featured_media":265718,"comment_status":"closed","ping_status":"closed","sticky":false,"template":"","format":"standard","meta":{"footnotes":""},"categories":[597,456,20724,7541],"tags":[20684,21645],"class_list":["post-265717","post","type-post","status-publish","format-standard","has-post-thumbnail","","category-cinta-de-noticias","category-arabe-internacional-politica","category-minuto-a-minuto","category-ultimas-noticias","tag-donetsk","tag-gorlivka"],"_links":{"self":[{"href":"https:\/\/archive.sana.sy\/es\/index.php?rest_route=\/wp\/v2\/posts\/265717"}],"collection":[{"href":"https:\/\/archive.sana.sy\/es\/index.php?rest_route=\/wp\/v2\/posts"}],"about":[{"href":"https:\/\/archive.sana.sy\/es\/index.php?rest_route=\/wp\/v2\/types\/post"}],"author":[{"embeddable":true,"href":"https:\/\/archive.sana.sy\/es\/index.php?rest_route=\/wp\/v2\/users\/32"}],"replies":[{"embeddable":true,"href":"https:\/\/archive.sana.sy\/es\/index.php?rest_route=%2Fwp%2Fv2%2Fcomments&post=265717"}],"version-history":[{"count":0,"href":"https:\/\/archive.sana.sy\/es\/index.php?rest_route=\/wp\/v2\/posts\/265717\/revisions"}],"wp:featuredmedia":[{"embeddable":true,"href":"https:\/\/archive.sana.sy\/es\/index.php?rest_route=\/wp\/v2\/media\/265718"}],"wp:attachment":[{"href":"https:\/\/archive.sana.sy\/es\/index.php?rest_route=%2Fwp%2Fv2%2Fmedia&parent=265717"}],"wp:term":[{"taxonomy":"category","embeddable":true,"href":"https:\/\/archive.sana.sy\/es\/index.php?rest_route=%2Fwp%2Fv2%2Fcategories&post=265717"},{"taxonomy":"post_tag","embeddable":true,"href":"https:\/\/archive.sana.sy\/es\/index.php?rest_route=%2Fwp%2Fv2%2Ftags&post=265717"}],"curies":[{"name":"wp","href":"https:\/\/api.w.org\/{rel}","templated":true}]}}