{"id":265723,"date":"2022-12-12T09:27:44","date_gmt":"2022-12-12T07:27:44","guid":{"rendered":"http:\/\/107.6.182.27\/es\/?p=265723"},"modified":"2023-01-10T15:49:05","modified_gmt":"2023-01-10T13:49:05","slug":"politico-checo-europa-sigue-ciegamente-a-estados-unidos","status":"publish","type":"post","link":"https:\/\/archive.sana.sy\/es\/?p=265723","title":{"rendered":"Pol\u00edtico checo: Europa sigue ciegamente a Estados Unidos"},"content":{"rendered":"<blockquote>\n<p style=\"text-align: justify;\"><span style=\"color: #ff0000;\"><em><strong>.En una entrevista con el sitio web &#8220;Parliamentary Papers&#8221;, Drulac indic\u00f3 que las percepciones que algunos ten\u00edan sobre una &#8220;Europa Independiente&#8221; de la decisi\u00f3n estadounidense cayeron por completo.<\/strong><\/em><\/span><\/p>\n<\/blockquote>\n<p style=\"text-align: justify;\"><span style=\"color: #800000;\"><strong>Praga, 12 dic (SANA)<\/strong> <\/span>El ex vicecanciller checo Peter Drulak confirm\u00f3 que Europa sigue a ciegas a Estados Unidos aunque sea de manera contraria a sus intereses.<\/p>\n<p style=\"text-align: justify;\">En una entrevista con el sitio web &#8220;Parliamentary Papers&#8221;, Drulac indic\u00f3 que las percepciones que algunos ten\u00edan sobre una &#8220;Europa Independiente&#8221; de la decisi\u00f3n estadounidense cayeron por completo.<\/p>\n<p style=\"text-align: justify;\">En Europa, comenzaron a agotarse las materias primas mientras empezaron a aparecer los efectos de la guerra econ\u00f3mica&#8221;, indic\u00f3 el pol\u00edtico.<\/p>\n<p style=\"text-align: justify;\">Consider\u00f3 que el tema de la rebeli\u00f3n de Europa contra Estados Unidos es cuesti\u00f3n de tiempo.<\/p>\n<p style=\"text-align: justify;\">fm\/as<\/p>\n","protected":false},"excerpt":{"rendered":"<p>.En una entrevista con el sitio web &#8220;Parliamentary Papers&#8221;, Drulac indic\u00f3 que las percepciones que algunos ten\u00edan sobre una &#8220;Europa Independiente&#8221; de la decisi\u00f3n estadounidense cayeron por completo. Praga, 12 dic (SANA) El ex vicecanciller checo Peter Drulak confirm\u00f3 que Europa sigue a ciegas a Estados Unidos aunque sea de manera contraria a sus intereses. &hellip;<\/p>\n","protected":false},"author":42,"featured_media":265724,"comment_status":"closed","ping_status":"closed","sticky":false,"template":"","format":"standard","meta":{"footnotes":""},"categories":[597,456,20724,7541],"tags":[],"class_list":["post-265723","post","type-post","status-publish","format-standard","has-post-thumbnail","","category-cinta-de-noticias","category-arabe-internacional-politica","category-minuto-a-minuto","category-ultimas-noticias"],"_links":{"self":[{"href":"https:\/\/archive.sana.sy\/es\/index.php?rest_route=\/wp\/v2\/posts\/265723"}],"collection":[{"href":"https:\/\/archive.sana.sy\/es\/index.php?rest_route=\/wp\/v2\/posts"}],"about":[{"href":"https:\/\/archive.sana.sy\/es\/index.php?rest_route=\/wp\/v2\/types\/post"}],"author":[{"embeddable":true,"href":"https:\/\/archive.sana.sy\/es\/index.php?rest_route=\/wp\/v2\/users\/42"}],"replies":[{"embeddable":true,"href":"https:\/\/archive.sana.sy\/es\/index.php?rest_route=%2Fwp%2Fv2%2Fcomments&post=265723"}],"version-history":[{"count":0,"href":"https:\/\/archive.sana.sy\/es\/index.php?rest_route=\/wp\/v2\/posts\/265723\/revisions"}],"wp:featuredmedia":[{"embeddable":true,"href":"https:\/\/archive.sana.sy\/es\/index.php?rest_route=\/wp\/v2\/media\/265724"}],"wp:attachment":[{"href":"https:\/\/archive.sana.sy\/es\/index.php?rest_route=%2Fwp%2Fv2%2Fmedia&parent=265723"}],"wp:term":[{"taxonomy":"category","embeddable":true,"href":"https:\/\/archive.sana.sy\/es\/index.php?rest_route=%2Fwp%2Fv2%2Fcategories&post=265723"},{"taxonomy":"post_tag","embeddable":true,"href":"https:\/\/archive.sana.sy\/es\/index.php?rest_route=%2Fwp%2Fv2%2Ftags&post=265723"}],"curies":[{"name":"wp","href":"https:\/\/api.w.org\/{rel}","templated":true}]}}