{"id":26574,"date":"2015-07-14T13:58:37","date_gmt":"2015-07-14T10:58:37","guid":{"rendered":"http:\/\/sana.sy\/es\/?p=26574"},"modified":"2015-07-14T17:37:24","modified_gmt":"2015-07-14T14:37:24","slug":"diputado-frances-el-presidente-al-assad-dedica-su-energia-a-defender-su-pueblo","status":"publish","type":"post","link":"https:\/\/archive.sana.sy\/es\/?p=26574","title":{"rendered":"Diputado franc\u00e9s: el presidente al-Assad dedica su energ\u00eda a defender su pueblo"},"content":{"rendered":"<p><span style=\"color: #ff0000\">Damasco, SANA<\/span><\/p>\n<p>El diputado en la Asamblea Nacional francesa y presidente del Partido Democr\u00e1tico Cristiano, Jean-Fr\u00e9d\u00e9ric Poisson subray\u00f3 que Damasco es la clave para el Medio Oriente, y que la diplomacia francesa ha cometido errores en su pol\u00edtica hacia Siria.<\/p>\n<p>El diario franc\u00e9s \u201cLe Figaro\u201d cit\u00f3 a Poisson diciendo que &#8220;La llave de Oriente Medio est\u00e1 en Damasco\u201d, y se\u00f1al\u00f3 el diputado afirmando que Francia perdi\u00f3 su posici\u00f3n e influencia en la regi\u00f3n debido a su pol\u00edtica err\u00f3nea hacia Siria, instando al presidente franc\u00e9s y su ministro de Relaciones Exteriores a &#8221; despertarse. &#8221;<\/p>\n<p>Respecto a su reuni\u00f3n con el presidente al-Assad, Poisson, dijo que la reuni\u00f3n dur\u00f3 alrededor de 80 minutos, y que fue muy bien, describiendo el presidente al-Assad de\u201d cort\u00e9s, sonriente, y moderno en su manera de hablar\u201d.<\/p>\n<p>Asimismo enfatiz\u00f3 que el presidente al-Assad est\u00e1 dedicando su energ\u00eda a defender su pa\u00eds, se\u00f1alando que lo que vio era completamente diferente a la imagen que los medios de comunicaci\u00f3n intenten de proyectar sobre el mandatario sirio.<\/p>\n<p>En las reclamaciones de los medios con respecto a la situaci\u00f3n en Siria, Poisson, confirm\u00f3 que la situaci\u00f3n en el pa\u00eds es casi normal.<\/p>\n<p>Poisson se hab\u00eda reunido el presidente Bashar al-Assad el domingo en la capital Damasco, y en el pasado mes de febrero cuando formaba parte de una delegaci\u00f3n francesa que inclu\u00eda diputados y destacadas figuras francesas.<\/p>\n<p>Es de se\u00f1alar que la visita de Poisson a Damasco viene cinco meses despu\u00e9s de una visita realizada por cuatro parlamentarios franceses \u00a0a la capital siria donde se reunieron con el presidente al-Assad.<\/p>\n<p><span style=\"color: #00ccff\">\u00a0Lynn A., Hala B.<\/span><\/p>\n","protected":false},"excerpt":{"rendered":"<p>Damasco, SANA El diputado en la Asamblea Nacional francesa y presidente del Partido Democr\u00e1tico Cristiano, Jean-Fr\u00e9d\u00e9ric Poisson subray\u00f3 que Damasco es la clave para el Medio Oriente, y que la diplomacia francesa ha cometido errores en su pol\u00edtica hacia Siria. El diario franc\u00e9s \u201cLe Figaro\u201d cit\u00f3 a Poisson diciendo que &#8220;La llave de Oriente Medio &hellip;<\/p>\n","protected":false},"author":1,"featured_media":26575,"comment_status":"closed","ping_status":"closed","sticky":false,"template":"","format":"standard","meta":{"footnotes":""},"categories":[456,576],"tags":[5973],"class_list":["post-26574","post","type-post","status-publish","format-standard","has-post-thumbnail","","category-arabe-internacional-politica","category-noticias-politicas","tag-diputado-frances-el-presidente-al-assad-dedica-su-energia-a-defender-su-pueblo"],"_links":{"self":[{"href":"https:\/\/archive.sana.sy\/es\/index.php?rest_route=\/wp\/v2\/posts\/26574"}],"collection":[{"href":"https:\/\/archive.sana.sy\/es\/index.php?rest_route=\/wp\/v2\/posts"}],"about":[{"href":"https:\/\/archive.sana.sy\/es\/index.php?rest_route=\/wp\/v2\/types\/post"}],"author":[{"embeddable":true,"href":"https:\/\/archive.sana.sy\/es\/index.php?rest_route=\/wp\/v2\/users\/1"}],"replies":[{"embeddable":true,"href":"https:\/\/archive.sana.sy\/es\/index.php?rest_route=%2Fwp%2Fv2%2Fcomments&post=26574"}],"version-history":[{"count":0,"href":"https:\/\/archive.sana.sy\/es\/index.php?rest_route=\/wp\/v2\/posts\/26574\/revisions"}],"wp:featuredmedia":[{"embeddable":true,"href":"https:\/\/archive.sana.sy\/es\/index.php?rest_route=\/wp\/v2\/media\/26575"}],"wp:attachment":[{"href":"https:\/\/archive.sana.sy\/es\/index.php?rest_route=%2Fwp%2Fv2%2Fmedia&parent=26574"}],"wp:term":[{"taxonomy":"category","embeddable":true,"href":"https:\/\/archive.sana.sy\/es\/index.php?rest_route=%2Fwp%2Fv2%2Fcategories&post=26574"},{"taxonomy":"post_tag","embeddable":true,"href":"https:\/\/archive.sana.sy\/es\/index.php?rest_route=%2Fwp%2Fv2%2Ftags&post=26574"}],"curies":[{"name":"wp","href":"https:\/\/api.w.org\/{rel}","templated":true}]}}