{"id":265783,"date":"2022-12-12T16:49:29","date_gmt":"2022-12-12T14:49:29","guid":{"rendered":"http:\/\/107.6.182.27\/es\/?p=265783"},"modified":"2022-12-12T16:50:41","modified_gmt":"2022-12-12T14:50:41","slug":"siria-e-iran-examinan-los-mecanismos-para-desarrollar-la-cooperacion-cientifica-bilateral","status":"publish","type":"post","link":"https:\/\/archive.sana.sy\/es\/?p=265783","title":{"rendered":"Siria e Ir\u00e1n examinan los mecanismos para desarrollar la cooperaci\u00f3n cient\u00edfica bilateral"},"content":{"rendered":"<p style=\"text-align: justify;\"><span style=\"color: #800000;\"><strong>Damasco, 12 dic (SANA)<\/strong><\/span> El ministro de Educaci\u00f3n Superior e Investigaci\u00f3n Cient\u00edfica, Bassam Ibrahim, debati\u00f3 hoy con el viceministro de Exteriores de Ir\u00e1n para Asuntos Consulares, Ali Reza Bekdli, y la delegaci\u00f3n acompa\u00f1ante las relaciones de cooperaci\u00f3n cient\u00edfica y de investigaci\u00f3n entre Siria e Ir\u00e1n, as\u00ed como la coordinaci\u00f3n continua con universidades, organismos y hospitales universitarios.<\/p>\n<p style=\"text-align: justify;\">Al respecto, el titular sirio resalt\u00f3 el papel del sector educativo y de la salud en el desarrollo de los lazos entre ambos pa\u00edses, que comparten causas comunes.<\/p>\n<p style=\"text-align: justify;\">\u201cEl gobierno sirio agradece a los l\u00edderes y al pueblo de la Rep\u00fablica Isl\u00e1mica de Ir\u00e1n por el apoyo brindado al pueblo sirio en diversos campos\u201d, expres\u00f3 Ibrahim.<\/p>\n<p style=\"text-align: justify;\">Asimismo, destac\u00f3 la importancia de los acuerdos firmados entre las universidades sirias e iran\u00edes y la necesidad de trabajar para fortalecerlos en diversos campos, y beneficiarse de los desarrollos presenciados por Ir\u00e1n a nivel cient\u00edfico y de investigaci\u00f3n, y algunas especializaciones espec\u00edficas.<\/p>\n<p style=\"text-align: justify;\">En el mismo contexto el titular de Educaci\u00f3n Superior present\u00f3 una panor\u00e1mica sobre la realidad de la educaci\u00f3n en Siria y las hospitales universitarios que brindan servicios sanitarios, terap\u00e9uticos y de capacitaci\u00f3n, e indic\u00f3 disposici\u00f3n de las universidades y los hospitales universitarios sirios para organizar conferencias cient\u00edficas conjuntas.<\/p>\n<p style=\"text-align: justify;\">Por su parte el vicecanciller iran\u00ed elogi\u00f3 las distinguidas relaciones bilaterales que crecen d\u00eda a d\u00eda en diversos campos, especialmente en el campo educativo.<\/p>\n<p style=\"text-align: justify;\">\u201cEs necesario sostener reuniones continuas para intercambiar ideas y visiones destinadas a facilitar los problemas de los estudiantes sirios e iran\u00edes, adem\u00e1s de beneficiarse del intercambio de profesores y estudiantes y la celebraci\u00f3n de conferencias\u201d, concluy\u00f3.<\/p>\n<p>ah\/mm<\/p>\n","protected":false},"excerpt":{"rendered":"<p>Damasco, 12 dic (SANA) El ministro de Educaci\u00f3n Superior e Investigaci\u00f3n Cient\u00edfica, Bassam Ibrahim, debati\u00f3 hoy con el viceministro de Exteriores de Ir\u00e1n para Asuntos Consulares, Ali Reza Bekdli, y la delegaci\u00f3n acompa\u00f1ante las relaciones de cooperaci\u00f3n cient\u00edfica y de investigaci\u00f3n entre Siria e Ir\u00e1n, as\u00ed como la coordinaci\u00f3n continua con universidades, organismos y hospitales &hellip;<\/p>\n","protected":false},"author":36,"featured_media":265784,"comment_status":"closed","ping_status":"closed","sticky":false,"template":"","format":"standard","meta":{"footnotes":""},"categories":[597,20724,467],"tags":[],"class_list":["post-265783","post","type-post","status-publish","format-standard","has-post-thumbnail","","category-cinta-de-noticias","category-minuto-a-minuto","category-siria-y-el-mundo"],"_links":{"self":[{"href":"https:\/\/archive.sana.sy\/es\/index.php?rest_route=\/wp\/v2\/posts\/265783"}],"collection":[{"href":"https:\/\/archive.sana.sy\/es\/index.php?rest_route=\/wp\/v2\/posts"}],"about":[{"href":"https:\/\/archive.sana.sy\/es\/index.php?rest_route=\/wp\/v2\/types\/post"}],"author":[{"embeddable":true,"href":"https:\/\/archive.sana.sy\/es\/index.php?rest_route=\/wp\/v2\/users\/36"}],"replies":[{"embeddable":true,"href":"https:\/\/archive.sana.sy\/es\/index.php?rest_route=%2Fwp%2Fv2%2Fcomments&post=265783"}],"version-history":[{"count":0,"href":"https:\/\/archive.sana.sy\/es\/index.php?rest_route=\/wp\/v2\/posts\/265783\/revisions"}],"wp:featuredmedia":[{"embeddable":true,"href":"https:\/\/archive.sana.sy\/es\/index.php?rest_route=\/wp\/v2\/media\/265784"}],"wp:attachment":[{"href":"https:\/\/archive.sana.sy\/es\/index.php?rest_route=%2Fwp%2Fv2%2Fmedia&parent=265783"}],"wp:term":[{"taxonomy":"category","embeddable":true,"href":"https:\/\/archive.sana.sy\/es\/index.php?rest_route=%2Fwp%2Fv2%2Fcategories&post=265783"},{"taxonomy":"post_tag","embeddable":true,"href":"https:\/\/archive.sana.sy\/es\/index.php?rest_route=%2Fwp%2Fv2%2Ftags&post=265783"}],"curies":[{"name":"wp","href":"https:\/\/api.w.org\/{rel}","templated":true}]}}