{"id":265799,"date":"2022-12-12T19:13:11","date_gmt":"2022-12-12T17:13:11","guid":{"rendered":"http:\/\/107.6.182.27\/es\/?p=265799"},"modified":"2022-12-12T19:13:11","modified_gmt":"2022-12-12T17:13:11","slug":"siria-preside-109-reunion-de-la-opep-en-kuwait-y-participa-en-el-debate-sobre-varios-temas","status":"publish","type":"post","link":"https:\/\/archive.sana.sy\/es\/?p=265799","title":{"rendered":"Siria preside 109 reuni\u00f3n de la OPEP en Kuwait y participa en el debate sobre varios temas"},"content":{"rendered":"<p style=\"text-align: justify;\"><span style=\"color: #800000;\"><strong>Kuwait, 12 dic (SANA)<\/strong><\/span> La Secretar\u00eda General de la Organizaci\u00f3n de Pa\u00edses \u00c1rabes Exportadores de Petr\u00f3leo (OPEP) celebr\u00f3 su 109\u00aa reuni\u00f3n en Kuwait.<\/p>\n<p style=\"text-align: justify;\">Esta jornada de la OPEP es presidida por el ministro de Petr\u00f3leo y Recursos Minerales de Siria, Bassam Tome, y con la participaci\u00f3n de los ministros de Petr\u00f3leo y Energ\u00eda de Arabia Saudita, Kuwait, Qatar, Libia, Irak y Egipto y los asistentes de los ministros de los Emiratos \u00c1rabes Unidos, Argelia y Bahr\u00e9in.<\/p>\n<p style=\"text-align: justify;\">El Secretario General de la Organizaci\u00f3n, Ali bin Sabt, se\u00f1al\u00f3 que en la reuni\u00f3n se discutieron una serie de temas, incluido el proyecto de presupuesto estimado de la Organizaci\u00f3n para el a\u00f1o 2023.<\/p>\n<p style=\"text-align: justify;\">Asimismo, en la reuni\u00f3n se revisaron los avances realizados en la activaci\u00f3n de la relaci\u00f3n entre la Secretar\u00eda General de la Organizaci\u00f3n y sus filiales, y el papel de la misma en la capacitaci\u00f3n y coordinaci\u00f3n entre los Estados Miembros y el resto de los pa\u00edses sobre el cambio clim\u00e1tico y sus obligaciones.<\/p>\n<p style=\"text-align: justify;\"><em><strong>ah\/fm<\/strong><\/em><\/p>\n","protected":false},"excerpt":{"rendered":"<p>Kuwait, 12 dic (SANA) La Secretar\u00eda General de la Organizaci\u00f3n de Pa\u00edses \u00c1rabes Exportadores de Petr\u00f3leo (OPEP) celebr\u00f3 su 109\u00aa reuni\u00f3n en Kuwait. Esta jornada de la OPEP es presidida por el ministro de Petr\u00f3leo y Recursos Minerales de Siria, Bassam Tome, y con la participaci\u00f3n de los ministros de Petr\u00f3leo y Energ\u00eda de Arabia &hellip;<\/p>\n","protected":false},"author":30,"featured_media":265800,"comment_status":"closed","ping_status":"closed","sticky":false,"template":"","format":"standard","meta":{"footnotes":""},"categories":[597,20724,467,7541],"tags":[],"class_list":["post-265799","post","type-post","status-publish","format-standard","has-post-thumbnail","","category-cinta-de-noticias","category-minuto-a-minuto","category-siria-y-el-mundo","category-ultimas-noticias"],"_links":{"self":[{"href":"https:\/\/archive.sana.sy\/es\/index.php?rest_route=\/wp\/v2\/posts\/265799"}],"collection":[{"href":"https:\/\/archive.sana.sy\/es\/index.php?rest_route=\/wp\/v2\/posts"}],"about":[{"href":"https:\/\/archive.sana.sy\/es\/index.php?rest_route=\/wp\/v2\/types\/post"}],"author":[{"embeddable":true,"href":"https:\/\/archive.sana.sy\/es\/index.php?rest_route=\/wp\/v2\/users\/30"}],"replies":[{"embeddable":true,"href":"https:\/\/archive.sana.sy\/es\/index.php?rest_route=%2Fwp%2Fv2%2Fcomments&post=265799"}],"version-history":[{"count":0,"href":"https:\/\/archive.sana.sy\/es\/index.php?rest_route=\/wp\/v2\/posts\/265799\/revisions"}],"wp:featuredmedia":[{"embeddable":true,"href":"https:\/\/archive.sana.sy\/es\/index.php?rest_route=\/wp\/v2\/media\/265800"}],"wp:attachment":[{"href":"https:\/\/archive.sana.sy\/es\/index.php?rest_route=%2Fwp%2Fv2%2Fmedia&parent=265799"}],"wp:term":[{"taxonomy":"category","embeddable":true,"href":"https:\/\/archive.sana.sy\/es\/index.php?rest_route=%2Fwp%2Fv2%2Fcategories&post=265799"},{"taxonomy":"post_tag","embeddable":true,"href":"https:\/\/archive.sana.sy\/es\/index.php?rest_route=%2Fwp%2Fv2%2Ftags&post=265799"}],"curies":[{"name":"wp","href":"https:\/\/api.w.org\/{rel}","templated":true}]}}