{"id":265802,"date":"2022-12-12T19:24:20","date_gmt":"2022-12-12T17:24:20","guid":{"rendered":"http:\/\/107.6.182.27\/es\/?p=265802"},"modified":"2023-01-10T15:49:04","modified_gmt":"2023-01-10T13:49:04","slug":"caza-ruso-mig-31-intercepta-un-avion-de-patrulla-maritima-de-noruega-que-se-acerco-a-la-frontera-rusa","status":"publish","type":"post","link":"https:\/\/archive.sana.sy\/es\/?p=265802","title":{"rendered":"Caza ruso MiG-31 intercepta un avi\u00f3n de patrulla mar\u00edtima de Noruega que se acerc\u00f3 a la frontera rusa"},"content":{"rendered":"<p style=\"text-align: justify;\"><span style=\"color: #800000;\"><strong>Mosc\u00fa, 12 dic (SANA)<\/strong><\/span> Un caza ruso MiG-31 despeg\u00f3 para interceptar un avi\u00f3n de patrulla mar\u00edtima P-3 Orion de la Fuerza A\u00e9rea de Noruega que se estaba acercando a la frontera estatal rusa, comunic\u00f3 el Centro Nacional de Gesti\u00f3n de Defensa del pa\u00eds, citado por la cadena RT.<\/p>\n<p style=\"text-align: justify;\">Los militares precisaron en ese contexto que se logr\u00f3 evitar la violaci\u00f3n de la frontera estatal rusa.<\/p>\n<p style=\"text-align: justify;\">Detallaron tambi\u00e9n que el vuelo del caza MiG-31 se realiz\u00f3 &#8220;en estricta conformidad con las reglas internacionales del uso de espacio a\u00e9reo sobre aguas neutrales, sin cruce de rutas a\u00e9reas ni acercamiento peligroso con la aeronave del Estado extranjero&#8221;.<\/p>\n<p style=\"text-align: justify;\"><em><strong>fm\/ah<\/strong><\/em><\/p>\n","protected":false},"excerpt":{"rendered":"<p>Mosc\u00fa, 12 dic (SANA) Un caza ruso MiG-31 despeg\u00f3 para interceptar un avi\u00f3n de patrulla mar\u00edtima P-3 Orion de la Fuerza A\u00e9rea de Noruega que se estaba acercando a la frontera estatal rusa, comunic\u00f3 el Centro Nacional de Gesti\u00f3n de Defensa del pa\u00eds, citado por la cadena RT. Los militares precisaron en ese contexto que &hellip;<\/p>\n","protected":false},"author":30,"featured_media":265803,"comment_status":"closed","ping_status":"closed","sticky":false,"template":"","format":"standard","meta":{"footnotes":""},"categories":[456,20724],"tags":[],"class_list":["post-265802","post","type-post","status-publish","format-standard","has-post-thumbnail","","category-arabe-internacional-politica","category-minuto-a-minuto"],"_links":{"self":[{"href":"https:\/\/archive.sana.sy\/es\/index.php?rest_route=\/wp\/v2\/posts\/265802"}],"collection":[{"href":"https:\/\/archive.sana.sy\/es\/index.php?rest_route=\/wp\/v2\/posts"}],"about":[{"href":"https:\/\/archive.sana.sy\/es\/index.php?rest_route=\/wp\/v2\/types\/post"}],"author":[{"embeddable":true,"href":"https:\/\/archive.sana.sy\/es\/index.php?rest_route=\/wp\/v2\/users\/30"}],"replies":[{"embeddable":true,"href":"https:\/\/archive.sana.sy\/es\/index.php?rest_route=%2Fwp%2Fv2%2Fcomments&post=265802"}],"version-history":[{"count":0,"href":"https:\/\/archive.sana.sy\/es\/index.php?rest_route=\/wp\/v2\/posts\/265802\/revisions"}],"wp:featuredmedia":[{"embeddable":true,"href":"https:\/\/archive.sana.sy\/es\/index.php?rest_route=\/wp\/v2\/media\/265803"}],"wp:attachment":[{"href":"https:\/\/archive.sana.sy\/es\/index.php?rest_route=%2Fwp%2Fv2%2Fmedia&parent=265802"}],"wp:term":[{"taxonomy":"category","embeddable":true,"href":"https:\/\/archive.sana.sy\/es\/index.php?rest_route=%2Fwp%2Fv2%2Fcategories&post=265802"},{"taxonomy":"post_tag","embeddable":true,"href":"https:\/\/archive.sana.sy\/es\/index.php?rest_route=%2Fwp%2Fv2%2Ftags&post=265802"}],"curies":[{"name":"wp","href":"https:\/\/api.w.org\/{rel}","templated":true}]}}