{"id":26586,"date":"2015-07-14T14:43:15","date_gmt":"2015-07-14T11:43:15","guid":{"rendered":"http:\/\/sana.sy\/es\/?p=26586"},"modified":"2015-07-14T14:43:15","modified_gmt":"2015-07-14T11:43:15","slug":"iran-y-grupo-51-finalizan-texto-del-acuerdo-nuclear-final","status":"publish","type":"post","link":"https:\/\/archive.sana.sy\/es\/?p=26586","title":{"rendered":"Ir\u00e1n y Grupo (5+1) finalizan texto del acuerdo nuclear final"},"content":{"rendered":"<div><span lang=\"ES-TRAD\" style=\"color: #ff0000\">Viena, SANA<\/span><\/div>\n<div><\/div>\n<div><span lang=\"ES-TRAD\">El canciller iran\u00ed, Mohamad Yavad Zarif, y la jefa de la Diplomacia Europea, Federica Mogherini, anunciaron \u00a0oficialmente el fin de las negociaciones nucleares.<\/span><\/div>\n<div><\/div>\n<div><span lang=\"ES-TRAD\">De acuerdo con el canal iran\u00ed Hispan TV, los representantes de Ir\u00e1n y del G (5+1), junto con la jefa de la Diplomacia de la Uni\u00f3n Europea, han llegado este martes 14 de julio de 2015 a un acuerdo, despu\u00e9s de 22 meses de arduas conversaciones para superar los malentendidos sobre el pac\u00edfico programa nuclear de Ir\u00e1n y eliminar las crueles sanciones impuestas a la naci\u00f3n persa.<\/span><\/div>\n<div><span lang=\"ES-TRAD\">\u00a0<\/span><\/div>\n<div><span lang=\"ES-TRAD\">Gracias a este acuerdo, se ha obtenido un conjunto de logros en el campo de la energ\u00eda nuclear y de la eliminaci\u00f3n de las sanciones que se detalla a continuaci\u00f3n.<\/span><\/div>\n<div><\/div>\n<div><span lang=\"ES-TRAD\">Seg\u00fan el texto de acuerdo final, las potencias mundiales reconocen el programa de energ\u00eda nuclear de la Rep\u00fablica Isl\u00e1mica de Ir\u00e1n, as\u00ed como su car\u00e1cter pac\u00edfico y el cumplimiento de los derechos nucleares de la naci\u00f3n iran\u00ed, dentro del respeto a las convenciones internacionales.<\/span><\/div>\n<div><\/div>\n<div><span lang=\"ES-TRAD\">De esta forma, Ir\u00e1n ha sido reconocido como potencia nuclear con derecho al enriquecimiento de uranio y con acceso al ciclo completo de combustible nuclear.<\/span><\/div>\n<div><span lang=\"ES-TRAD\">Tambi\u00e9n, todas las sanciones econ\u00f3micas y financieras impuestas contra el pa\u00eds persa ser\u00e1n levantadas mediante resoluci\u00f3n del Consejo de Seguridad de las Naciones Unidas.<\/span><\/div>\n<div><\/div>\n<div><span lang=\"ES-TRAD\">Putin elogia conclusi\u00f3n de di\u00e1logos entre Ir\u00e1n y el Grupo 5+1<\/span><\/div>\n<div><span lang=\"ES-TRAD\">El presidente de Rusia, Vladimir Putin, elogi\u00f3 este martes el fin de las conversaciones entre Ir\u00e1n y el Grupo 5+1 sobre el programa nuclear iran\u00ed.<\/span><\/div>\n<div><\/div>\n<div><span style=\"color: #00ccff\">Fady M., Hala B.<\/span><\/div>\n","protected":false},"excerpt":{"rendered":"<p>Viena, SANA El canciller iran\u00ed, Mohamad Yavad Zarif, y la jefa de la Diplomacia Europea, Federica Mogherini, anunciaron \u00a0oficialmente el fin de las negociaciones nucleares. De acuerdo con el canal iran\u00ed Hispan TV, los representantes de Ir\u00e1n y del G (5+1), junto con la jefa de la Diplomacia de la Uni\u00f3n Europea, han llegado este &hellip;<\/p>\n","protected":false},"author":1,"featured_media":26587,"comment_status":"closed","ping_status":"closed","sticky":false,"template":"","format":"standard","meta":{"footnotes":""},"categories":[456,576],"tags":[5977],"class_list":["post-26586","post","type-post","status-publish","format-standard","has-post-thumbnail","","category-arabe-internacional-politica","category-noticias-politicas","tag-iran-y-grupo-51-finalizan-texto-del-acuerdo-nuclear-final"],"_links":{"self":[{"href":"https:\/\/archive.sana.sy\/es\/index.php?rest_route=\/wp\/v2\/posts\/26586"}],"collection":[{"href":"https:\/\/archive.sana.sy\/es\/index.php?rest_route=\/wp\/v2\/posts"}],"about":[{"href":"https:\/\/archive.sana.sy\/es\/index.php?rest_route=\/wp\/v2\/types\/post"}],"author":[{"embeddable":true,"href":"https:\/\/archive.sana.sy\/es\/index.php?rest_route=\/wp\/v2\/users\/1"}],"replies":[{"embeddable":true,"href":"https:\/\/archive.sana.sy\/es\/index.php?rest_route=%2Fwp%2Fv2%2Fcomments&post=26586"}],"version-history":[{"count":0,"href":"https:\/\/archive.sana.sy\/es\/index.php?rest_route=\/wp\/v2\/posts\/26586\/revisions"}],"wp:featuredmedia":[{"embeddable":true,"href":"https:\/\/archive.sana.sy\/es\/index.php?rest_route=\/wp\/v2\/media\/26587"}],"wp:attachment":[{"href":"https:\/\/archive.sana.sy\/es\/index.php?rest_route=%2Fwp%2Fv2%2Fmedia&parent=26586"}],"wp:term":[{"taxonomy":"category","embeddable":true,"href":"https:\/\/archive.sana.sy\/es\/index.php?rest_route=%2Fwp%2Fv2%2Fcategories&post=26586"},{"taxonomy":"post_tag","embeddable":true,"href":"https:\/\/archive.sana.sy\/es\/index.php?rest_route=%2Fwp%2Fv2%2Ftags&post=26586"}],"curies":[{"name":"wp","href":"https:\/\/api.w.org\/{rel}","templated":true}]}}