{"id":265878,"date":"2022-12-13T10:32:19","date_gmt":"2022-12-13T08:32:19","guid":{"rendered":"http:\/\/107.6.182.27\/es\/?p=265878"},"modified":"2023-01-10T15:49:02","modified_gmt":"2023-01-10T13:49:02","slug":"liberado-casi-el-50-por-ciento-del-territorio-de-la-republica-de-donetsk-afirma-pushilin","status":"publish","type":"post","link":"https:\/\/archive.sana.sy\/es\/?p=265878","title":{"rendered":"Liberado casi el 50 por ciento del territorio de la Rep\u00fablica de Donetsk, afirma Pushilin"},"content":{"rendered":"<p><span style=\"color: #800000;\"><strong>Donetsk, 13 dic (SANA)\u00a0<\/strong><\/span> \u00a0El presidente interino de la Rep\u00fablica Popular de Donetsk, Denis Pushilin, anunci\u00f3 la liberaci\u00f3n y el peinado del 50 por ciento del territorio de la Rep\u00fablica de las fuerzas ucranianas.<\/p>\n<p>\u201cHemos logrado hoy liberar la mitad del territorio de los ultranacionalistas&#8221;, cit\u00f3 Ria Novosti a Pushilin.<\/p>\n<p>Agreg\u00f3 que &#8220;nuestras fuerzas est\u00e1n haciendo todo lo posible para liberar todo el territorio de la Rep\u00fablica Popular de Donetsk&#8221;.<\/p>\n<p>ed\/fm<\/p>\n","protected":false},"excerpt":{"rendered":"<p>Donetsk, 13 dic (SANA)\u00a0 \u00a0El presidente interino de la Rep\u00fablica Popular de Donetsk, Denis Pushilin, anunci\u00f3 la liberaci\u00f3n y el peinado del 50 por ciento del territorio de la Rep\u00fablica de las fuerzas ucranianas. \u201cHemos logrado hoy liberar la mitad del territorio de los ultranacionalistas&#8221;, cit\u00f3 Ria Novosti a Pushilin. Agreg\u00f3 que &#8220;nuestras fuerzas est\u00e1n &hellip;<\/p>\n","protected":false},"author":32,"featured_media":265879,"comment_status":"closed","ping_status":"closed","sticky":false,"template":"","format":"standard","meta":{"footnotes":""},"categories":[597,456,20724,7541],"tags":[],"class_list":["post-265878","post","type-post","status-publish","format-standard","has-post-thumbnail","","category-cinta-de-noticias","category-arabe-internacional-politica","category-minuto-a-minuto","category-ultimas-noticias"],"_links":{"self":[{"href":"https:\/\/archive.sana.sy\/es\/index.php?rest_route=\/wp\/v2\/posts\/265878"}],"collection":[{"href":"https:\/\/archive.sana.sy\/es\/index.php?rest_route=\/wp\/v2\/posts"}],"about":[{"href":"https:\/\/archive.sana.sy\/es\/index.php?rest_route=\/wp\/v2\/types\/post"}],"author":[{"embeddable":true,"href":"https:\/\/archive.sana.sy\/es\/index.php?rest_route=\/wp\/v2\/users\/32"}],"replies":[{"embeddable":true,"href":"https:\/\/archive.sana.sy\/es\/index.php?rest_route=%2Fwp%2Fv2%2Fcomments&post=265878"}],"version-history":[{"count":0,"href":"https:\/\/archive.sana.sy\/es\/index.php?rest_route=\/wp\/v2\/posts\/265878\/revisions"}],"wp:featuredmedia":[{"embeddable":true,"href":"https:\/\/archive.sana.sy\/es\/index.php?rest_route=\/wp\/v2\/media\/265879"}],"wp:attachment":[{"href":"https:\/\/archive.sana.sy\/es\/index.php?rest_route=%2Fwp%2Fv2%2Fmedia&parent=265878"}],"wp:term":[{"taxonomy":"category","embeddable":true,"href":"https:\/\/archive.sana.sy\/es\/index.php?rest_route=%2Fwp%2Fv2%2Fcategories&post=265878"},{"taxonomy":"post_tag","embeddable":true,"href":"https:\/\/archive.sana.sy\/es\/index.php?rest_route=%2Fwp%2Fv2%2Ftags&post=265878"}],"curies":[{"name":"wp","href":"https:\/\/api.w.org\/{rel}","templated":true}]}}