{"id":265881,"date":"2022-12-13T10:37:10","date_gmt":"2022-12-13T08:37:10","guid":{"rendered":"http:\/\/107.6.182.27\/es\/?p=265881"},"modified":"2023-01-10T15:49:02","modified_gmt":"2023-01-10T13:49:02","slug":"el-minuto-a-minuto-de-la-operacion-militar-especial-rusa-en-ucrania-45","status":"publish","type":"post","link":"https:\/\/archive.sana.sy\/es\/?p=265881","title":{"rendered":"El minuto a minuto de la operaci\u00f3n militar especial rusa en Ucrania"},"content":{"rendered":"<p style=\"text-align: justify;\"><span style=\"color: #800000;\"><strong>Mosc\u00fa, 13 dic (SANA)<\/strong><\/span><\/p>\n<p style=\"text-align: justify;\">????????Donetsk: cuatro personas perdieron la vida por bombardeo ucraniano contra las zonas residenciales.<\/p>\n<p style=\"text-align: justify;\">????????Liberado casi el 50 por ciento del territorio de la Rep\u00fablica de Donetsk, afirma Pushilin.<\/p>\n<p style=\"text-align: justify;\">????????Kiev no present\u00f3 ninguna prueba que confirma uso de drones iran\u00edes por parte de Rusia.<\/p>\n<p>????????\u201cOccidente usa en Kosovo los mismos esquemas\u201d que utiliz\u00f3 en Ucrania\u201d.<\/p>\n<p style=\"text-align: justify;\">ed\/fm<\/p>\n","protected":false},"excerpt":{"rendered":"<p>Mosc\u00fa, 13 dic (SANA) ????????Donetsk: cuatro personas perdieron la vida por bombardeo ucraniano contra las zonas residenciales. ????????Liberado casi el 50 por ciento del territorio de la Rep\u00fablica de Donetsk, afirma Pushilin. ????????Kiev no present\u00f3 ninguna prueba que confirma uso de drones iran\u00edes por parte de Rusia. ????????\u201cOccidente usa en Kosovo los mismos esquemas\u201d que &hellip;<\/p>\n","protected":false},"author":32,"featured_media":265882,"comment_status":"closed","ping_status":"closed","sticky":false,"template":"","format":"standard","meta":{"footnotes":""},"categories":[597,456,20724,583],"tags":[],"class_list":["post-265881","post","type-post","status-publish","format-standard","has-post-thumbnail","","category-cinta-de-noticias","category-arabe-internacional-politica","category-minuto-a-minuto","category-slide"],"_links":{"self":[{"href":"https:\/\/archive.sana.sy\/es\/index.php?rest_route=\/wp\/v2\/posts\/265881"}],"collection":[{"href":"https:\/\/archive.sana.sy\/es\/index.php?rest_route=\/wp\/v2\/posts"}],"about":[{"href":"https:\/\/archive.sana.sy\/es\/index.php?rest_route=\/wp\/v2\/types\/post"}],"author":[{"embeddable":true,"href":"https:\/\/archive.sana.sy\/es\/index.php?rest_route=\/wp\/v2\/users\/32"}],"replies":[{"embeddable":true,"href":"https:\/\/archive.sana.sy\/es\/index.php?rest_route=%2Fwp%2Fv2%2Fcomments&post=265881"}],"version-history":[{"count":0,"href":"https:\/\/archive.sana.sy\/es\/index.php?rest_route=\/wp\/v2\/posts\/265881\/revisions"}],"wp:featuredmedia":[{"embeddable":true,"href":"https:\/\/archive.sana.sy\/es\/index.php?rest_route=\/wp\/v2\/media\/265882"}],"wp:attachment":[{"href":"https:\/\/archive.sana.sy\/es\/index.php?rest_route=%2Fwp%2Fv2%2Fmedia&parent=265881"}],"wp:term":[{"taxonomy":"category","embeddable":true,"href":"https:\/\/archive.sana.sy\/es\/index.php?rest_route=%2Fwp%2Fv2%2Fcategories&post=265881"},{"taxonomy":"post_tag","embeddable":true,"href":"https:\/\/archive.sana.sy\/es\/index.php?rest_route=%2Fwp%2Fv2%2Ftags&post=265881"}],"curies":[{"name":"wp","href":"https:\/\/api.w.org\/{rel}","templated":true}]}}